{"id":836,"date":"2024-02-10T14:38:58","date_gmt":"2024-02-10T13:38:58","guid":{"rendered":"https:\/\/wspomozycielka-lodz.pl\/?p=836"},"modified":"2024-02-10T14:38:58","modified_gmt":"2024-02-10T13:38:58","slug":"ogloszenia-parafialne-11-02-2024","status":"publish","type":"post","link":"https:\/\/wspomozycielka-lodz.pl\/?p=836","title":{"rendered":"OG\u0141OSZENIA PARAFIALNE (11.02.2024)"},"content":{"rendered":"\n<p>1. Z okazji \u015awiatowego Dnia Chorego osoby chore i starsze b\u0119d\u0105 mog\u0142y otrzyma\u0107 dzi\u015b sakrament namaszczenia chorych po ka\u017cdej Mszy \u015bw.<\/p>\n\n\n\n<p>2. We wtorek po Mszy wieczornej spotkanie biblijne.<\/p>\n\n\n\n<p>3. Najbli\u017csza \u015broda to \u015aroda Popielcowa rozpoczynaj\u0105ca okres Wielkiego Postu. Msze \u015bw. w tym dniu o godz. 7.30 i 18.00 &#8211; na ka\u017cdej obrz\u0119d posypania g\u0142\u00f3w popio\u0142em na znak pokuty. Ofiary sk\u0142adane w ten dzie\u0144 przeznaczona s\u0105 na dzie\u0142a charytatywne \u0142\u00f3dzkiej Caritas.<\/p>\n\n\n\n<p>4. Przypominamy, \u017ce w \u015arod\u0119 Popielcow\u0105 obowi\u0105zuje nas wstrzemi\u0119\u017aliwo\u015b\u0107 od pokarm\u00f3w mi\u0119snych dla wszystkich powy\u017cej 14. roku \u017cycia oraz post \u015bcis\u0142y (ilo\u015bciowy) dla os\u00f3b pe\u0142noletnich a\u017c do rozpocz\u0119cia 60. roku \u017cycia.<\/p>\n\n\n\n<p>5. Wraz z Wielkim Postem rozpoczynamy tradycyjne nabo\u017ce\u0144stwa:<\/p>\n\n\n\n<ul class=\"wp-block-list\">\n<li>Droga Krzy\u017cowa w pi\u0105tki: dla dzieci o 16.30; dla doros\u0142ych o 17.15; dla m\u0142odzie\u017cy o 19.30.<\/li>\n\n\n\n<li>Gorzkie \u017bale z kazaniem pasyjnym w niedziele o 17.15.<\/li>\n<\/ul>\n\n\n\n<p>6. W czwartek rozpoczniemy nowenn\u0119 do Maryi Wspomo\u017cycielki o godz. 17.40. Po Mszy wieczornej adoracja Naj\u015bwi\u0119tszego Sakramentu. <\/p>\n\n\n\n<p>7. W przysz\u0142\u0105 niedziel\u0119 zapraszamy kandydat\u00f3w do bierzmowania ze szk\u00f3\u0142 \u015brednich na Msz\u0119 o godz. 11.30 i spotkanie po niej.<\/p>\n","protected":false},"excerpt":{"rendered":"<p>1. Z okazji \u015awiatowego Dnia Chorego osoby chore i starsze b\u0119d\u0105 mog\u0142y otrzyma\u0107 dzi\u015b sakrament namaszczenia chorych po ka\u017cdej Mszy \u015bw. 2. We wtorek po Mszy wieczornej spotkanie biblijne. 3. Najbli\u017csza \u015broda to \u015aroda Popielcowa rozpoczynaj\u0105ca okres Wielkiego Postu. Msze \u015bw. w tym dniu o godz. 7.30 i 18.00 &#8211; [&hellip;]<\/p>\n","protected":false},"author":2,"featured_media":619,"comment_status":"open","ping_status":"open","sticky":false,"template":"","format":"standard","meta":{"footnotes":""},"categories":[2],"tags":[],"class_list":["post-836","post","type-post","status-publish","format-standard","has-post-thumbnail","hentry","category-aktualnosci"],"_links":{"self":[{"href":"https:\/\/wspomozycielka-lodz.pl\/index.php?rest_route=\/wp\/v2\/posts\/836","targetHints":{"allow":["GET"]}}],"collection":[{"href":"https:\/\/wspomozycielka-lodz.pl\/index.php?rest_route=\/wp\/v2\/posts"}],"about":[{"href":"https:\/\/wspomozycielka-lodz.pl\/index.php?rest_route=\/wp\/v2\/types\/post"}],"author":[{"embeddable":true,"href":"https:\/\/wspomozycielka-lodz.pl\/index.php?rest_route=\/wp\/v2\/users\/2"}],"replies":[{"embeddable":true,"href":"https:\/\/wspomozycielka-lodz.pl\/index.php?rest_route=%2Fwp%2Fv2%2Fcomments&post=836"}],"version-history":[{"count":1,"href":"https:\/\/wspomozycielka-lodz.pl\/index.php?rest_route=\/wp\/v2\/posts\/836\/revisions"}],"predecessor-version":[{"id":837,"href":"https:\/\/wspomozycielka-lodz.pl\/index.php?rest_route=\/wp\/v2\/posts\/836\/revisions\/837"}],"wp:featuredmedia":[{"embeddable":true,"href":"https:\/\/wspomozycielka-lodz.pl\/index.php?rest_route=\/wp\/v2\/media\/619"}],"wp:attachment":[{"href":"https:\/\/wspomozycielka-lodz.pl\/index.php?rest_route=%2Fwp%2Fv2%2Fmedia&parent=836"}],"wp:term":[{"taxonomy":"category","embeddable":true,"href":"https:\/\/wspomozycielka-lodz.pl\/index.php?rest_route=%2Fwp%2Fv2%2Fcategories&post=836"},{"taxonomy":"post_tag","embeddable":true,"href":"https:\/\/wspomozycielka-lodz.pl\/index.php?rest_route=%2Fwp%2Fv2%2Ftags&post=836"}],"curies":[{"name":"wp","href":"https:\/\/api.w.org\/{rel}","templated":true}]}}