{"id":832,"date":"2024-01-29T15:41:03","date_gmt":"2024-01-29T14:41:03","guid":{"rendered":"https:\/\/wspomozycielka-lodz.pl\/?p=832"},"modified":"2024-01-29T15:41:06","modified_gmt":"2024-01-29T14:41:06","slug":"ogloszenia-parafialne-28-01-2024","status":"publish","type":"post","link":"https:\/\/wspomozycielka-lodz.pl\/?p=832","title":{"rendered":"OG\u0141OSZENIA PARAFIALNE (28.01.2024)"},"content":{"rendered":"\n<p>1. Nowenna przed uroczysto\u015bci\u0105 \u015bw. Jana Bosko do wtorku o godz. 17.40.<\/p>\n\n\n\n<p>2. We wtorek po Mszy wieczornej spotkanie biblijne.<\/p>\n\n\n\n<p>3. W \u015brod\u0119 obchodzimy uroczysto\u015b\u0107 \u015bw. Jana Bosko, za\u0142o\u017cyciela Zgromadzenia Salezja\u0144skiego i Rodziny Salezja\u0144skiej. O godz. 18.00 uroczysta Eucharystia w intencji dobrodziej\u00f3w dzie\u0142a salezja\u0144skiego na Wodnej.<\/p>\n\n\n\n<p>4. W czwartek na Mszy wieczornej b\u0119dziemy si\u0119 modli\u0107 za kap\u0142an\u00f3w i osoby konsekrowane pos\u0142uguj\u0105ce w naszej parafii i o nowe powo\u0142ania oraz w intencji zmar\u0142ych wsp\u00f3\u0142braci salezjan\u00f3w. Po Mszy wieczornej adoracja Naj\u015bwi\u0119tszego Sakramentu.<\/p>\n\n\n\n<p>5. W pi\u0105tek obchodzimy \u015bwi\u0119to Ofiarowania Pa\u0144skiego, zwane tradycyjnie \u015bwi\u0119tem Matki Bo\u017cej Gromnicznej. Na ka\u017cdej Mszy \u015bw. po\u015bwi\u0119cimy gromnice przyniesione do ko\u015bcio\u0142a. Z ustanowienia papie\u017ca Jana Paw\u0142a II jest to Dzie\u0144 \u017bycia Konsekrowanego. Ofiary sk\u0142adane w tym dniu przeznaczone s\u0105 na pomoc zakonom kontemplacyjnym. Od godz. 15.00 Godzina Mi\u0142osierdzia i adoracja Naj\u015bwi\u0119tszego Sakramentu. Po Mszy wieczornej spotkanie wsp\u00f3lnoty Stra\u017cy Honorowej NSPJ.<\/p>\n\n\n\n<p>6. W sobot\u0119 po Mszy porannej nabo\u017ce\u0144stwo i wymiana tajemnic r\u00f3\u017ca\u0144cowych, a po Mszy wieczornej o godz. 19.00 r\u00f3\u017caniec prowadzony przez wsp\u00f3lnot\u0119 \u017bywego R\u00f3\u017ca\u0144ca. Z racji wspomnienia \u015bw. B\u0142a\u017ceja odb\u0119dzie si\u0119 b\u0142ogos\u0142awie\u0144stwo gard\u0142a. <\/p>\n\n\n\n<p>7. Dzi\u015b mo\u017cna z\u0142o\u017cy\u0107 ofiar\u0119 do puszki na Radio Maryja.<\/p>\n","protected":false},"excerpt":{"rendered":"<p>1. Nowenna przed uroczysto\u015bci\u0105 \u015bw. Jana Bosko do wtorku o godz. 17.40. 2. We wtorek po Mszy wieczornej spotkanie biblijne. 3. W \u015brod\u0119 obchodzimy uroczysto\u015b\u0107 \u015bw. Jana Bosko, za\u0142o\u017cyciela Zgromadzenia Salezja\u0144skiego i Rodziny Salezja\u0144skiej. O godz. 18.00 uroczysta Eucharystia w intencji dobrodziej\u00f3w dzie\u0142a salezja\u0144skiego na Wodnej. 4. W czwartek na [&hellip;]<\/p>\n","protected":false},"author":2,"featured_media":619,"comment_status":"open","ping_status":"open","sticky":false,"template":"","format":"standard","meta":{"footnotes":""},"categories":[2],"tags":[],"class_list":["post-832","post","type-post","status-publish","format-standard","has-post-thumbnail","hentry","category-aktualnosci"],"_links":{"self":[{"href":"https:\/\/wspomozycielka-lodz.pl\/index.php?rest_route=\/wp\/v2\/posts\/832","targetHints":{"allow":["GET"]}}],"collection":[{"href":"https:\/\/wspomozycielka-lodz.pl\/index.php?rest_route=\/wp\/v2\/posts"}],"about":[{"href":"https:\/\/wspomozycielka-lodz.pl\/index.php?rest_route=\/wp\/v2\/types\/post"}],"author":[{"embeddable":true,"href":"https:\/\/wspomozycielka-lodz.pl\/index.php?rest_route=\/wp\/v2\/users\/2"}],"replies":[{"embeddable":true,"href":"https:\/\/wspomozycielka-lodz.pl\/index.php?rest_route=%2Fwp%2Fv2%2Fcomments&post=832"}],"version-history":[{"count":1,"href":"https:\/\/wspomozycielka-lodz.pl\/index.php?rest_route=\/wp\/v2\/posts\/832\/revisions"}],"predecessor-version":[{"id":833,"href":"https:\/\/wspomozycielka-lodz.pl\/index.php?rest_route=\/wp\/v2\/posts\/832\/revisions\/833"}],"wp:featuredmedia":[{"embeddable":true,"href":"https:\/\/wspomozycielka-lodz.pl\/index.php?rest_route=\/wp\/v2\/media\/619"}],"wp:attachment":[{"href":"https:\/\/wspomozycielka-lodz.pl\/index.php?rest_route=%2Fwp%2Fv2%2Fmedia&parent=832"}],"wp:term":[{"taxonomy":"category","embeddable":true,"href":"https:\/\/wspomozycielka-lodz.pl\/index.php?rest_route=%2Fwp%2Fv2%2Fcategories&post=832"},{"taxonomy":"post_tag","embeddable":true,"href":"https:\/\/wspomozycielka-lodz.pl\/index.php?rest_route=%2Fwp%2Fv2%2Ftags&post=832"}],"curies":[{"name":"wp","href":"https:\/\/api.w.org\/{rel}","templated":true}]}}