{"id":830,"date":"2024-01-20T13:36:29","date_gmt":"2024-01-20T12:36:29","guid":{"rendered":"https:\/\/wspomozycielka-lodz.pl\/?p=830"},"modified":"2024-01-20T13:36:30","modified_gmt":"2024-01-20T12:36:30","slug":"ogloszenia-parafialne-21-01-2024","status":"publish","type":"post","link":"https:\/\/wspomozycielka-lodz.pl\/?p=830","title":{"rendered":"OG\u0141OSZENIA PARAFIALNE (21.01.2024)"},"content":{"rendered":"\n<p>1. W poniedzia\u0142ek rozpoczynamy nowenn\u0119 przed uroczysto\u015bci\u0105 \u015bw. Jana Bosko, kt\u00f3ra wraz z nowenn\u0105 do Maryi Wspomo\u017cycielki b\u0119dzie do wtorku o godz. 17.30.<\/p>\n\n\n\n<p>2. We wtorek po Mszy wieczornej spotkanie biblijne.<\/p>\n\n\n\n<p>3. W \u015brod\u0119 obchodzimy \u015bwi\u0119to \u015bw. Franciszka Salezego, patrona Zgromadzenia Salezja\u0144skiego. O godz. 17.00 ho\u0142d ku czci Maryi Wspomo\u017cycielki wraz z nowenn\u0105 &nbsp;przed uroczysto\u015bci\u0105 \u015bw. Jana Bosko. Po Mszy wieczornej spotkanie Sodalicji Maria\u0144skiej.<\/p>\n\n\n\n<p>4. Od czwartku nowenna przed uroczysto\u015bci\u0105 \u015bw. Jana Bosko o godz. 17.40. W czwartek po Mszy wieczornej adoracja Naj\u015bwi\u0119tszego Sakramentu.<\/p>\n\n\n\n<p>5. Przypominamy, \u017ce Oratorium w czasie ferii zimowych organizuje bezp\u0142atne zaj\u0119cia dla dzieci i m\u0142odzie\u017cy. Przeznaczone s\u0105 one dla os\u00f3b zapisanych do \u015bwietlicy i klubu \u015brodowiskowego. Zapewniamy opiek\u0119, wyj\u015bcia, pocz\u0119stunek w godzinach od 9.00 do 17.00. Wype\u0142nione zgody nale\u017cy dostarczy\u0107 do 19 stycznia. Informacji udziela kierownik Oratorium ks. Piotr Szlufik. Dzi\u015b wolontariusze oratoryjni zbieraj\u0105 ofiary do puszki na wsparcie feryjnego odpoczynku dzieci i m\u0142odzie\u017cy oraz dzia\u0142alno\u015b\u0107 religijno-formacyjn\u0105 Oratorium. Za dar serca sk\u0142adamy serdeczne &#8222;B\u00f3g zap\u0142a\u0107&#8221;. <\/p>\n\n\n\n<p>6. W przysz\u0142\u0105 niedziel\u0119 po Mszy o godz. 11.30 zapraszamy na koncert kol\u0119d w wykonaniu dw\u00f3ch ch\u00f3r\u00f3w. Ch\u00f3r \u017be\u0144ski Eufeme, dzia\u0142aj\u0105cy w ramach Stowarzyszenia \u201eBrzmienie \u0141odzi\u201d, zrzeszaj\u0105cy studentki i absolwentki \u0142\u00f3dzkich uczelni, w kt\u00f3rego niedzielnym repertuarze znajd\u0105 si\u0119 trzyg\u0142osowe tradycyjne kol\u0119dy polskie, kancjona\u0142y Opactwa Mniszek Benedyktynek w Stani\u0105tkach, a tak\u017ce znane \u015bwi\u0105teczne utwory angloj\u0119zyczne oraz \u0141\u00f3dzki Ch\u00f3r Teatralny Verdiana dzia\u0142aj\u0105cy przy Teatrze Wielkim w \u0141odzi, zrzeszaj\u0105cy pasjonat\u00f3w \u015bpiewu operowego, kt\u00f3ry zaprezentuje\u00a0fragmenty kantaty \u201ePierwsza Kol\u0119da\u201d Johna Petersona, wielocz\u0119\u015bciowego utworu z narratorem i partiami solowymi, opowiadaj\u0105cy histori\u0119 Bo\u017cego Narodzenia. Dyryguj\u0105: Micha\u0142 Jan Bara\u0144ski i Aleksandra Orczykowska, a akompaniuje: Marcin Werner.<\/p>\n","protected":false},"excerpt":{"rendered":"<p>1. W poniedzia\u0142ek rozpoczynamy nowenn\u0119 przed uroczysto\u015bci\u0105 \u015bw. Jana Bosko, kt\u00f3ra wraz z nowenn\u0105 do Maryi Wspomo\u017cycielki b\u0119dzie do wtorku o godz. 17.30. 2. We wtorek po Mszy wieczornej spotkanie biblijne. 3. W \u015brod\u0119 obchodzimy \u015bwi\u0119to \u015bw. Franciszka Salezego, patrona Zgromadzenia Salezja\u0144skiego. O godz. 17.00 ho\u0142d ku czci Maryi Wspomo\u017cycielki [&hellip;]<\/p>\n","protected":false},"author":2,"featured_media":619,"comment_status":"open","ping_status":"open","sticky":false,"template":"","format":"standard","meta":{"footnotes":""},"categories":[2],"tags":[],"class_list":["post-830","post","type-post","status-publish","format-standard","has-post-thumbnail","hentry","category-aktualnosci"],"_links":{"self":[{"href":"https:\/\/wspomozycielka-lodz.pl\/index.php?rest_route=\/wp\/v2\/posts\/830","targetHints":{"allow":["GET"]}}],"collection":[{"href":"https:\/\/wspomozycielka-lodz.pl\/index.php?rest_route=\/wp\/v2\/posts"}],"about":[{"href":"https:\/\/wspomozycielka-lodz.pl\/index.php?rest_route=\/wp\/v2\/types\/post"}],"author":[{"embeddable":true,"href":"https:\/\/wspomozycielka-lodz.pl\/index.php?rest_route=\/wp\/v2\/users\/2"}],"replies":[{"embeddable":true,"href":"https:\/\/wspomozycielka-lodz.pl\/index.php?rest_route=%2Fwp%2Fv2%2Fcomments&post=830"}],"version-history":[{"count":1,"href":"https:\/\/wspomozycielka-lodz.pl\/index.php?rest_route=\/wp\/v2\/posts\/830\/revisions"}],"predecessor-version":[{"id":831,"href":"https:\/\/wspomozycielka-lodz.pl\/index.php?rest_route=\/wp\/v2\/posts\/830\/revisions\/831"}],"wp:featuredmedia":[{"embeddable":true,"href":"https:\/\/wspomozycielka-lodz.pl\/index.php?rest_route=\/wp\/v2\/media\/619"}],"wp:attachment":[{"href":"https:\/\/wspomozycielka-lodz.pl\/index.php?rest_route=%2Fwp%2Fv2%2Fmedia&parent=830"}],"wp:term":[{"taxonomy":"category","embeddable":true,"href":"https:\/\/wspomozycielka-lodz.pl\/index.php?rest_route=%2Fwp%2Fv2%2Fcategories&post=830"},{"taxonomy":"post_tag","embeddable":true,"href":"https:\/\/wspomozycielka-lodz.pl\/index.php?rest_route=%2Fwp%2Fv2%2Ftags&post=830"}],"curies":[{"name":"wp","href":"https:\/\/api.w.org\/{rel}","templated":true}]}}