{"id":825,"date":"2024-01-06T21:25:51","date_gmt":"2024-01-06T20:25:51","guid":{"rendered":"https:\/\/wspomozycielka-lodz.pl\/?p=825"},"modified":"2024-01-07T15:14:21","modified_gmt":"2024-01-07T14:14:21","slug":"ogloszenia-parafialne-7-01-2024","status":"publish","type":"post","link":"https:\/\/wspomozycielka-lodz.pl\/?p=825","title":{"rendered":"OG\u0141OSZENIA PARAFIALNE (7.01.2024)"},"content":{"rendered":"\n<p>1. We wtorek po Mszy wieczornej spotkanie biblijne.<\/p>\n\n\n\n<p>2. W czwartek po Mszy wieczornej adoracja Naj\u015bwi\u0119tszego Sakramentu.<\/p>\n\n\n\n<p>3. W sobot\u0119 zapraszamy wszystkie grupy i wsp\u00f3lnoty naszej parafii na spotkanie \u015bwi\u0105teczne o godz. 15.00.<\/p>\n\n\n\n<p>4. Terminy wizyty duszpasterskiej s\u0105 wywieszone w gablocie i umieszczone na stronie internetowej parafii. Je\u015bli kto\u015b nie mo\u017ce w danym dniu przyj\u0105\u0107 kap\u0142ana, a chcia\u0142by w innym terminie, prosz\u0119 o bezpo\u015bredni kontakt ze mn\u0105 w celu ustalenia dogodnego terminu. Kol\u0119d\u0119 rozpoczynamy o godz. 16.00. <\/p>\n\n\n\n<p>5. Z naszej wsp\u00f3lnoty parafialnej do wieczno\u015bci odeszli: Teresa Wi\u015bniewska, lat 88; Pawe\u0142 Pawlak, lat 61; Marcin Z\u0105bkowski, lat 47; Maria Jagodzi\u0144ska, lat 75. <em>Wieczny odpoczynek racz im da\u0107, Panie<\/em>&#8230;<\/p>\n","protected":false},"excerpt":{"rendered":"<p>1. We wtorek po Mszy wieczornej spotkanie biblijne. 2. W czwartek po Mszy wieczornej adoracja Naj\u015bwi\u0119tszego Sakramentu. 3. W sobot\u0119 zapraszamy wszystkie grupy i wsp\u00f3lnoty naszej parafii na spotkanie \u015bwi\u0105teczne o godz. 15.00. 4. Terminy wizyty duszpasterskiej s\u0105 wywieszone w gablocie i umieszczone na stronie internetowej parafii. Je\u015bli kto\u015b nie [&hellip;]<\/p>\n","protected":false},"author":2,"featured_media":619,"comment_status":"open","ping_status":"open","sticky":false,"template":"","format":"standard","meta":{"footnotes":""},"categories":[2],"tags":[],"class_list":["post-825","post","type-post","status-publish","format-standard","has-post-thumbnail","hentry","category-aktualnosci"],"_links":{"self":[{"href":"https:\/\/wspomozycielka-lodz.pl\/index.php?rest_route=\/wp\/v2\/posts\/825","targetHints":{"allow":["GET"]}}],"collection":[{"href":"https:\/\/wspomozycielka-lodz.pl\/index.php?rest_route=\/wp\/v2\/posts"}],"about":[{"href":"https:\/\/wspomozycielka-lodz.pl\/index.php?rest_route=\/wp\/v2\/types\/post"}],"author":[{"embeddable":true,"href":"https:\/\/wspomozycielka-lodz.pl\/index.php?rest_route=\/wp\/v2\/users\/2"}],"replies":[{"embeddable":true,"href":"https:\/\/wspomozycielka-lodz.pl\/index.php?rest_route=%2Fwp%2Fv2%2Fcomments&post=825"}],"version-history":[{"count":2,"href":"https:\/\/wspomozycielka-lodz.pl\/index.php?rest_route=\/wp\/v2\/posts\/825\/revisions"}],"predecessor-version":[{"id":827,"href":"https:\/\/wspomozycielka-lodz.pl\/index.php?rest_route=\/wp\/v2\/posts\/825\/revisions\/827"}],"wp:featuredmedia":[{"embeddable":true,"href":"https:\/\/wspomozycielka-lodz.pl\/index.php?rest_route=\/wp\/v2\/media\/619"}],"wp:attachment":[{"href":"https:\/\/wspomozycielka-lodz.pl\/index.php?rest_route=%2Fwp%2Fv2%2Fmedia&parent=825"}],"wp:term":[{"taxonomy":"category","embeddable":true,"href":"https:\/\/wspomozycielka-lodz.pl\/index.php?rest_route=%2Fwp%2Fv2%2Fcategories&post=825"},{"taxonomy":"post_tag","embeddable":true,"href":"https:\/\/wspomozycielka-lodz.pl\/index.php?rest_route=%2Fwp%2Fv2%2Ftags&post=825"}],"curies":[{"name":"wp","href":"https:\/\/api.w.org\/{rel}","templated":true}]}}