{"id":821,"date":"2023-12-31T07:57:13","date_gmt":"2023-12-31T06:57:13","guid":{"rendered":"https:\/\/wspomozycielka-lodz.pl\/?p=821"},"modified":"2023-12-31T07:57:13","modified_gmt":"2023-12-31T06:57:13","slug":"ogloszenia-parafialne-31-12-2023","status":"publish","type":"post","link":"https:\/\/wspomozycielka-lodz.pl\/?p=821","title":{"rendered":"OG\u0141OSZENIA PARAFIALNE (31.12.2023)"},"content":{"rendered":"\n<p>1. Dzi\u015b o godz. 17.30 nabo\u017ce\u0144stwo na zako\u0144czenie roku.<\/p>\n\n\n\n<p>2. Jutro w pierwszy dzie\u0144 nowego roku Pa\u0144skiego 2024 obchodzimy uroczysto\u015b\u0107 Bo\u017cej Rodzicielki Maryi, kt\u00f3ra ko\u0144czy oktaw\u0119 Narodzenia Pa\u0144skiego. Msze \u015bw. jak w niedziel\u0119. Przypominamy, \u017ce jutro jest obowi\u0105zek uczestniczenia w Mszy \u015bw.<\/p>\n\n\n\n<p>3. We wtorek na Mszy wieczornej b\u0119dziemy si\u0119 modli\u0107 za zmar\u0142ych polecanych w wypominkach. Po Mszy \u015bw. spotkanie biblijne.<\/p>\n\n\n\n<p>4. W \u015brod\u0119 na Mszy wieczornej b\u0119dziemy si\u0119 modli\u0107 w intencji Dobrodziej\u00f3w naszej parafii i dzie\u0142a salezja\u0144skiego oraz w intencji Ojczyzny.<\/p>\n\n\n\n<p>5. W czwartek na Mszy wieczornej b\u0119dziemy si\u0119 modli\u0107 za kap\u0142an\u00f3w i osoby konsekrowane pos\u0142uguj\u0105ce w naszej parafii i o nowe powo\u0142ania. Po Mszy wieczornej adoracja Naj\u015bwi\u0119tszego Sakramentu.<\/p>\n\n\n\n<p>6. W pi\u0105tek przed po\u0142udniem odwiedziny chorych. Od godz. 15.00 Godzina Mi\u0142osierdzia i adoracja Naj\u015bwi\u0119tszego Sakramentu. Po Mszy wieczornej spotkanie wsp\u00f3lnoty Stra\u017cy Honorowej NSPJ.<\/p>\n\n\n\n<p>7. W sobot\u0119 obchodzimy uroczysto\u015b\u0107 Objawienia Pa\u0144skiego, zwan\u0105 \u015bwi\u0119tem Trzech Kr\u00f3li. Na ka\u017cdej Mszy b\u0119dzie po\u015bwi\u0119cenie kredy, kt\u00f3r\u0105 mo\u017cemy zabra\u0107, aby oznaczy\u0107 drzwi naszych dom\u00f3w na \u015bwiadectwo naszej przynale\u017cno\u015bci do Chrystusa i Ko\u015bcio\u0142a. Msze \u015bw. jak w niedziel\u0119. W tym dniu mamy obowi\u0105zek uczestniczenia w Mszy \u015bw. Z racji pierwszej soboty miesi\u0105ca, po Mszy \u015bw. o 8.30 b\u0119dzie nabo\u017ce\u0144stwo maryjne i wymiana tajemnic r\u00f3\u017ca\u0144cowych. Nie b\u0119dzie wyj\u0105tkowo r\u00f3\u017ca\u0144ca o godz. 19.00.<\/p>\n\n\n\n<p>8. W sobot\u0119 6 stycznia tradycyjnie ju\u017c ulic\u0105 Piotrkowsk\u0105 przejdzie Orszak Trzech Kr\u00f3li. O godz. 11.00 kard. Grzegorz Ry\u015b b\u0119dzie sprawowa\u0142 Eucharysti\u0119 w parafii pw. Zes\u0142ania Ducha \u015awi\u0119tego w \u0141odzi. Po Mszy \u015bw. z Placu Wolno\u015bci wyruszy ulic\u0105 Piotrkowsk\u0105 korow\u00f3d kol\u0119dnik\u00f3w. Na zako\u0144czenie, na placu katedralnym, b\u0119dzie kol\u0119dowanie z zespo\u0142em \u201eENEJ\u201d. Tegoroczny Orszak zwi\u0105zany jest z akcj\u0105 charytatywn\u0105 \u201eDar dla Nowonarodzonego\u201d, kt\u00f3rej celem jest zbudowanie placu zabaw dla dzieci z Domu Dziecka \u201eOchronka Ba\u0142ucka\u201d, kt\u00f3re prowadz\u0105 siostry salezjanki.<\/p>\n\n\n\n<p>9. W przysz\u0142\u0105 niedziel\u0119 na Mszy \u015bwi\u0119tej o godz. 8.30 b\u0119dziemy si\u0119 modli\u0107 w intencji ks. Lucjana D\u0105browskiego z okazji jego imienin.<\/p>\n\n\n\n<p>10. W przysz\u0142\u0105 niedziel\u0119 po Mszy \u015bwi\u0119tej o godz. 11.30 zapraszamy na wsp\u00f3lne kol\u0119dowanie przy szopce. Zostan\u0105 tak\u017ce wr\u0119czone nagrody dla dzieci za udzia\u0142 w konkursie adwentowym. Wype\u0142nione karty konkursowe mo\u017cna przynosi\u0107 do 6 stycznia.<\/p>\n\n\n\n<p>11. Wizyta duszpasterska w domach naszych parafian rozpocznie si\u0119 od 2 stycznia. Kap\u0142ani b\u0119d\u0105 odwiedza\u0107 domu od godz. 16.00. Wszystkie terminy s\u0105 wywieszone w gablocie i umieszczone na stronie internetowej parafii. Je\u015bli kto\u015b nie mo\u017ce w danym dniu przyj\u0105\u0107 kap\u0142ana, a chcia\u0142by w innym terminie, prosz\u0119 o bezpo\u015bredni kontakt ze mn\u0105 w celu ustalenia dogodnego terminu. <\/p>\n\n\n\n<p>12. Dzi\u015b mo\u017cna z\u0142o\u017cy\u0107 ofiar\u0119 do puszki na Radio Maryja.<\/p>\n","protected":false},"excerpt":{"rendered":"<p>1. Dzi\u015b o godz. 17.30 nabo\u017ce\u0144stwo na zako\u0144czenie roku. 2. Jutro w pierwszy dzie\u0144 nowego roku Pa\u0144skiego 2024 obchodzimy uroczysto\u015b\u0107 Bo\u017cej Rodzicielki Maryi, kt\u00f3ra ko\u0144czy oktaw\u0119 Narodzenia Pa\u0144skiego. Msze \u015bw. jak w niedziel\u0119. Przypominamy, \u017ce jutro jest obowi\u0105zek uczestniczenia w Mszy \u015bw. 3. We wtorek na Mszy wieczornej b\u0119dziemy si\u0119 [&hellip;]<\/p>\n","protected":false},"author":2,"featured_media":619,"comment_status":"open","ping_status":"open","sticky":false,"template":"","format":"standard","meta":{"footnotes":""},"categories":[2],"tags":[],"class_list":["post-821","post","type-post","status-publish","format-standard","has-post-thumbnail","hentry","category-aktualnosci"],"_links":{"self":[{"href":"https:\/\/wspomozycielka-lodz.pl\/index.php?rest_route=\/wp\/v2\/posts\/821","targetHints":{"allow":["GET"]}}],"collection":[{"href":"https:\/\/wspomozycielka-lodz.pl\/index.php?rest_route=\/wp\/v2\/posts"}],"about":[{"href":"https:\/\/wspomozycielka-lodz.pl\/index.php?rest_route=\/wp\/v2\/types\/post"}],"author":[{"embeddable":true,"href":"https:\/\/wspomozycielka-lodz.pl\/index.php?rest_route=\/wp\/v2\/users\/2"}],"replies":[{"embeddable":true,"href":"https:\/\/wspomozycielka-lodz.pl\/index.php?rest_route=%2Fwp%2Fv2%2Fcomments&post=821"}],"version-history":[{"count":1,"href":"https:\/\/wspomozycielka-lodz.pl\/index.php?rest_route=\/wp\/v2\/posts\/821\/revisions"}],"predecessor-version":[{"id":822,"href":"https:\/\/wspomozycielka-lodz.pl\/index.php?rest_route=\/wp\/v2\/posts\/821\/revisions\/822"}],"wp:featuredmedia":[{"embeddable":true,"href":"https:\/\/wspomozycielka-lodz.pl\/index.php?rest_route=\/wp\/v2\/media\/619"}],"wp:attachment":[{"href":"https:\/\/wspomozycielka-lodz.pl\/index.php?rest_route=%2Fwp%2Fv2%2Fmedia&parent=821"}],"wp:term":[{"taxonomy":"category","embeddable":true,"href":"https:\/\/wspomozycielka-lodz.pl\/index.php?rest_route=%2Fwp%2Fv2%2Fcategories&post=821"},{"taxonomy":"post_tag","embeddable":true,"href":"https:\/\/wspomozycielka-lodz.pl\/index.php?rest_route=%2Fwp%2Fv2%2Ftags&post=821"}],"curies":[{"name":"wp","href":"https:\/\/api.w.org\/{rel}","templated":true}]}}