{"id":817,"date":"2023-12-23T14:44:37","date_gmt":"2023-12-23T13:44:37","guid":{"rendered":"https:\/\/wspomozycielka-lodz.pl\/?p=817"},"modified":"2023-12-23T14:44:38","modified_gmt":"2023-12-23T13:44:38","slug":"ogloszenia-parafialne-24-12-2023","status":"publish","type":"post","link":"https:\/\/wspomozycielka-lodz.pl\/?p=817","title":{"rendered":"OG\u0141OSZENIA PARAFIALNE (24.12.2023)"},"content":{"rendered":"\n<p>1. Przypominamy, \u017ce dzi\u015b Msze \u015bw. s\u0105 tylko przed po\u0142udniem i nie b\u0119dzie Mszy o godz. 18.00.<\/p>\n\n\n\n<p>2. O p\u00f3\u0142nocy zapraszamy na uroczyst\u0105 Msz\u0119 \u015bw., tzw. Pasterk\u0119, kt\u00f3r\u0105 rozpoczniemy \u015bwi\u0119towanie Narodzenia Pa\u0144skiego.<\/p>\n\n\n\n<p>3. W poniedzia\u0142ek obchodzimy uroczysto\u015b\u0107 Narodzenia Pa\u0144skiego \u2013 Msze \u015bw. jak w niedziel\u0119.<\/p>\n\n\n\n<p>4. We wtorek drugi dzie\u0144 \u015bwi\u0119towania Bo\u017cego Narodzenia \u2013 Msze \u015bw. r\u00f3wnie\u017c jak w niedziel\u0119.<\/p>\n\n\n\n<p>5. W czwartek po Mszy \u015bw. wieczornej adoracja Naj\u015bwi\u0119tszego Sakramentu.<\/p>\n\n\n\n<p>6. W przysz\u0142\u0105 niedziel\u0119, 31 grudnia, obchodzimy \u015bwi\u0119to \u015awi\u0119tej Rodziny. W ten ostatni dzie\u0144 roku zapraszamy na nabo\u017ce\u0144stwo na zako\u0144czenie roku o godz. 17.30.<\/p>\n\n\n\n<p>7. W tym roku wizyta duszpasterska, czyli tzw. kol\u0119da, odbywa\u0107 ju\u017c si\u0119 b\u0119dzie jak dawniej, a rozpocznie si\u0119 po Nowym Roku. Terminy kol\u0119dy zostan\u0105 podane w przysz\u0142\u0105 niedziel\u0119.<\/p>\n\n\n\n<p>8. Serdecznie dzi\u0119kuj\u0119 wszystkim, kt\u00f3rzy anga\u017cowali si\u0119 w poniedzia\u0142kowe roraty. Dzi\u0119kuj\u0119 Salezjanom Wsp\u00f3\u0142pracownikom za pomoc w spotkaniu wigilijnym dla os\u00f3b samotnych, przy op\u0142atkach i przy choinkach. Dzi\u0119kuj\u0119 wszystkim zaanga\u017cowanym w przygotowanie ko\u015bcio\u0142a na \u015bwi\u0119ta. Dzi\u0119kuj\u0119 profesorom, pracownikom i uczniom Salezja\u0144skich Szk\u00f3\u0142 Rzemios\u0142 za prace remontowe przy naszej szopce. <\/p>\n\n\n\n<p>9. Mo\u017cna jeszcze zaopatrzy\u0107 si\u0119 w op\u0142atki i \u015bwiece bo\u017conarodzeniowe.<\/p>\n","protected":false},"excerpt":{"rendered":"<p>1. Przypominamy, \u017ce dzi\u015b Msze \u015bw. s\u0105 tylko przed po\u0142udniem i nie b\u0119dzie Mszy o godz. 18.00. 2. O p\u00f3\u0142nocy zapraszamy na uroczyst\u0105 Msz\u0119 \u015bw., tzw. Pasterk\u0119, kt\u00f3r\u0105 rozpoczniemy \u015bwi\u0119towanie Narodzenia Pa\u0144skiego. 3. W poniedzia\u0142ek obchodzimy uroczysto\u015b\u0107 Narodzenia Pa\u0144skiego \u2013 Msze \u015bw. jak w niedziel\u0119. 4. We wtorek drugi dzie\u0144 [&hellip;]<\/p>\n","protected":false},"author":2,"featured_media":619,"comment_status":"open","ping_status":"open","sticky":false,"template":"","format":"standard","meta":{"footnotes":""},"categories":[2],"tags":[],"class_list":["post-817","post","type-post","status-publish","format-standard","has-post-thumbnail","hentry","category-aktualnosci"],"_links":{"self":[{"href":"https:\/\/wspomozycielka-lodz.pl\/index.php?rest_route=\/wp\/v2\/posts\/817","targetHints":{"allow":["GET"]}}],"collection":[{"href":"https:\/\/wspomozycielka-lodz.pl\/index.php?rest_route=\/wp\/v2\/posts"}],"about":[{"href":"https:\/\/wspomozycielka-lodz.pl\/index.php?rest_route=\/wp\/v2\/types\/post"}],"author":[{"embeddable":true,"href":"https:\/\/wspomozycielka-lodz.pl\/index.php?rest_route=\/wp\/v2\/users\/2"}],"replies":[{"embeddable":true,"href":"https:\/\/wspomozycielka-lodz.pl\/index.php?rest_route=%2Fwp%2Fv2%2Fcomments&post=817"}],"version-history":[{"count":1,"href":"https:\/\/wspomozycielka-lodz.pl\/index.php?rest_route=\/wp\/v2\/posts\/817\/revisions"}],"predecessor-version":[{"id":818,"href":"https:\/\/wspomozycielka-lodz.pl\/index.php?rest_route=\/wp\/v2\/posts\/817\/revisions\/818"}],"wp:featuredmedia":[{"embeddable":true,"href":"https:\/\/wspomozycielka-lodz.pl\/index.php?rest_route=\/wp\/v2\/media\/619"}],"wp:attachment":[{"href":"https:\/\/wspomozycielka-lodz.pl\/index.php?rest_route=%2Fwp%2Fv2%2Fmedia&parent=817"}],"wp:term":[{"taxonomy":"category","embeddable":true,"href":"https:\/\/wspomozycielka-lodz.pl\/index.php?rest_route=%2Fwp%2Fv2%2Fcategories&post=817"},{"taxonomy":"post_tag","embeddable":true,"href":"https:\/\/wspomozycielka-lodz.pl\/index.php?rest_route=%2Fwp%2Fv2%2Ftags&post=817"}],"curies":[{"name":"wp","href":"https:\/\/api.w.org\/{rel}","templated":true}]}}