{"id":815,"date":"2023-12-18T16:37:35","date_gmt":"2023-12-18T15:37:35","guid":{"rendered":"https:\/\/wspomozycielka-lodz.pl\/?p=815"},"modified":"2023-12-18T16:37:37","modified_gmt":"2023-12-18T15:37:37","slug":"ogloszenia-parafialne-17-12-2023","status":"publish","type":"post","link":"https:\/\/wspomozycielka-lodz.pl\/?p=815","title":{"rendered":"OG\u0141OSZENIA PARAFIALNE (17.12.2023)"},"content":{"rendered":"\n<p>1. Dzi\u015b rozpocz\u0119li\u015bmy parafialne rekolekcje adwentowe, w kt\u00f3rych przewodnikiem b\u0119dzie ks. Jacek Banasiuk. Nauki rekolekcyjne b\u0119d\u0105 do wtorku wed\u0142ug sta\u0142ego rozk\u0142adu Mszy.<\/p>\n\n\n\n<p>2. Msze roratnie w parafii codziennie o godz. 7.30, a dla dzieci i m\u0142odzie\u017cy w poniedzia\u0142ki o godz. 6.30.<\/p>\n\n\n\n<p>3. Trwamy w nowennie do Maryi Wspomo\u017cycielki i Bo\u017cego Narodzenia do soboty o godz. 17.30. W przysz\u0142\u0105 niedziel\u0119 natomiast ostatni dzie\u0144 nowenny do Bo\u017cego Narodzenia b\u0119dzie po Mszy \u015bw. o godz. 8.30.<\/p>\n\n\n\n<p>4. We wtorek na Mszy wieczornej b\u0119dziemy si\u0119 modli\u0107 w intencji ks. Dariusza Husaka z okazji imienin.<\/p>\n\n\n\n<p>5. W \u015brod\u0119 na godzin\u0119 15.00 zapraszamy do ko\u015bcio\u0142a osoby samotne, kt\u00f3re zapisa\u0142y si\u0119 na spotkanie \u015bwi\u0105teczne. Zaczniemy Msz\u0105 \u015bw., a po Mszy b\u0119dzie czas na spotkanie przy stole.<\/p>\n\n\n\n<p>6. W czwartek po Mszy wieczornej adoracja Naj\u015bwi\u0119tszego Sakramentu.<\/p>\n\n\n\n<p>7. W pi\u0105tek po Mszy wieczornej ustawimy i udekorujemy choinki w ko\u015bciele \u2013 zapraszamy ch\u0119tnych do pomocy.<\/p>\n\n\n\n<p>8. W przysz\u0142\u0105 niedziel\u0119, czyli 4 Adwentu, wypada ju\u017c Wigilia Bo\u017cego Narodzenia, dlatego Msze \u015bw. niedzielne b\u0119d\u0105 tylko przed po\u0142udniem, a nie b\u0119dzie ju\u017c Mszy \u015bw. o godz. 18.00. Natomiast o p\u00f3\u0142nocy zapraszamy na tradycyjn\u0105 Pasterk\u0119, kt\u00f3r\u0105 rozpoczniemy \u015bwi\u0119towanie Narodzenia Pa\u0144skiego.<\/p>\n\n\n\n<p>9. W sklepiku parafialnym s\u0105 dost\u0119pne jeszcze op\u0142atki i \u015bwiece bo\u017conarodzeniowe. R\u00f3wnie\u017c przed wej\u015bciem do ko\u015bcio\u0142a mo\u017cna je naby\u0107 u Salezjan\u00f3w Wsp\u00f3\u0142pracownik\u00f3w.<\/p>\n\n\n\n<p>10. Oratorium nasze zaprasza na kiermasz adwentowy po Mszach \u015bw. przy wej\u015bciu do ko\u015bcio\u0142a. Zebrane ofiary b\u0119d\u0105 przeznaczone na dzia\u0142alno\u015b\u0107 formacyjno-religijn\u0105 dla dzieci i m\u0142odzie\u017cy. <\/p>\n\n\n\n<p>11. Dzi\u015b po Mszach zbierane s\u0105 ofiary do puszki na Fundusz Ochrony Macierzy\u0144stwa im. Stanis\u0142awy Leszczy\u0144skiej.<\/p>\n","protected":false},"excerpt":{"rendered":"<p>1. Dzi\u015b rozpocz\u0119li\u015bmy parafialne rekolekcje adwentowe, w kt\u00f3rych przewodnikiem b\u0119dzie ks. Jacek Banasiuk. Nauki rekolekcyjne b\u0119d\u0105 do wtorku wed\u0142ug sta\u0142ego rozk\u0142adu Mszy. 2. Msze roratnie w parafii codziennie o godz. 7.30, a dla dzieci i m\u0142odzie\u017cy w poniedzia\u0142ki o godz. 6.30. 3. Trwamy w nowennie do Maryi Wspomo\u017cycielki i Bo\u017cego [&hellip;]<\/p>\n","protected":false},"author":2,"featured_media":619,"comment_status":"open","ping_status":"open","sticky":false,"template":"","format":"standard","meta":{"footnotes":""},"categories":[2],"tags":[],"class_list":["post-815","post","type-post","status-publish","format-standard","has-post-thumbnail","hentry","category-aktualnosci"],"_links":{"self":[{"href":"https:\/\/wspomozycielka-lodz.pl\/index.php?rest_route=\/wp\/v2\/posts\/815","targetHints":{"allow":["GET"]}}],"collection":[{"href":"https:\/\/wspomozycielka-lodz.pl\/index.php?rest_route=\/wp\/v2\/posts"}],"about":[{"href":"https:\/\/wspomozycielka-lodz.pl\/index.php?rest_route=\/wp\/v2\/types\/post"}],"author":[{"embeddable":true,"href":"https:\/\/wspomozycielka-lodz.pl\/index.php?rest_route=\/wp\/v2\/users\/2"}],"replies":[{"embeddable":true,"href":"https:\/\/wspomozycielka-lodz.pl\/index.php?rest_route=%2Fwp%2Fv2%2Fcomments&post=815"}],"version-history":[{"count":1,"href":"https:\/\/wspomozycielka-lodz.pl\/index.php?rest_route=\/wp\/v2\/posts\/815\/revisions"}],"predecessor-version":[{"id":816,"href":"https:\/\/wspomozycielka-lodz.pl\/index.php?rest_route=\/wp\/v2\/posts\/815\/revisions\/816"}],"wp:featuredmedia":[{"embeddable":true,"href":"https:\/\/wspomozycielka-lodz.pl\/index.php?rest_route=\/wp\/v2\/media\/619"}],"wp:attachment":[{"href":"https:\/\/wspomozycielka-lodz.pl\/index.php?rest_route=%2Fwp%2Fv2%2Fmedia&parent=815"}],"wp:term":[{"taxonomy":"category","embeddable":true,"href":"https:\/\/wspomozycielka-lodz.pl\/index.php?rest_route=%2Fwp%2Fv2%2Fcategories&post=815"},{"taxonomy":"post_tag","embeddable":true,"href":"https:\/\/wspomozycielka-lodz.pl\/index.php?rest_route=%2Fwp%2Fv2%2Ftags&post=815"}],"curies":[{"name":"wp","href":"https:\/\/api.w.org\/{rel}","templated":true}]}}