{"id":813,"date":"2023-12-09T12:27:38","date_gmt":"2023-12-09T11:27:38","guid":{"rendered":"https:\/\/wspomozycielka-lodz.pl\/?p=813"},"modified":"2023-12-09T12:27:41","modified_gmt":"2023-12-09T11:27:41","slug":"ogloszenia-parafialne-10-12-2023","status":"publish","type":"post","link":"https:\/\/wspomozycielka-lodz.pl\/?p=813","title":{"rendered":"OG\u0141OSZENIA PARAFIALNE (10.12.2023)"},"content":{"rendered":"\n<p>1. Msze roratnie w parafii codziennie o godz. 7.30, a dla dzieci i m\u0142odzie\u017cy w poniedzia\u0142ki o godz. 6.30.<\/p>\n\n\n\n<p>2. We wtorek po Mszy wieczornej spotkanie biblijne.<\/p>\n\n\n\n<p>3. W czwartek po Mszy wieczornej adoracja Naj\u015bwi\u0119tszego Sakramentu.<\/p>\n\n\n\n<p>4. W pi\u0105tek rozpoczniemy nowenn\u0119 do Maryi Wspomo\u017cycielki o godz. 17.40. Natomiast w sobot\u0119 zaczniemy nowenn\u0119 do Bo\u017cego Narodzenia. Od soboty wi\u0119c po\u0142\u0105czymy obie nowenny o godz. 17.30.<\/p>\n\n\n\n<p>5. W przysz\u0142\u0105 niedziel\u0119 zapraszamy kandydat\u00f3w do bierzmowania ze szk\u00f3\u0142 \u015brednich na Msz\u0119 o godz. 11.30 i spotkanie po niej.<\/p>\n\n\n\n<p>6. W przysz\u0142\u0105 niedziel\u0119 rozpoczniemy parafialne rekolekcje adwentowe.<\/p>\n\n\n\n<p>7. W sklepiku parafialnym s\u0105 dost\u0119pne op\u0142atki i \u015bwiece bo\u017conarodzeniowe. R\u00f3wnie\u017c przed wej\u015bciem do ko\u015bcio\u0142a mo\u017cna naby\u0107 op\u0142atki u Salezjan\u00f3w Wsp\u00f3\u0142pracownik\u00f3w.<\/p>\n\n\n\n<p>8,. Oratorium nasze zaprasza na kiermasz adwentowy po Mszach \u015bw. przy wej\u015bciu do ko\u015bcio\u0142a. Zebrane ofiary b\u0119d\u0105 przeznaczone na dzia\u0142alno\u015b\u0107 formacyjno-religijn\u0105 dla dzieci i m\u0142odzie\u017cy.<\/p>\n\n\n\n<p>9. Zapraszamy osoby samotne do zapisywania si\u0119 na spotkanie \u015bwi\u0105teczne. Zapisy odbywaj\u0105 si\u0119 w zakrystii po Mszach lub kancelarii w godzinach jej urz\u0119dowania.<\/p>\n\n\n\n<p>10. Dzi\u015b po Mszach zbierane s\u0105 ofiary do puszki na potrzeby Ko\u015bcio\u0142a na Wschodzie. <\/p>\n\n\n\n<p>11. Z naszej wsp\u00f3lnoty parafialnej do wieczno\u015bci odesz\u0142a: Miros\u0142awa Zar\u0119bska, lat 81. <em>Wieczny odpoczynek racz jej da\u0107, Panie<\/em>&#8230;<\/p>\n","protected":false},"excerpt":{"rendered":"<p>1. Msze roratnie w parafii codziennie o godz. 7.30, a dla dzieci i m\u0142odzie\u017cy w poniedzia\u0142ki o godz. 6.30. 2. We wtorek po Mszy wieczornej spotkanie biblijne. 3. W czwartek po Mszy wieczornej adoracja Naj\u015bwi\u0119tszego Sakramentu. 4. W pi\u0105tek rozpoczniemy nowenn\u0119 do Maryi Wspomo\u017cycielki o godz. 17.40. Natomiast w sobot\u0119 [&hellip;]<\/p>\n","protected":false},"author":2,"featured_media":619,"comment_status":"open","ping_status":"open","sticky":false,"template":"","format":"standard","meta":{"footnotes":""},"categories":[2],"tags":[],"class_list":["post-813","post","type-post","status-publish","format-standard","has-post-thumbnail","hentry","category-aktualnosci"],"_links":{"self":[{"href":"https:\/\/wspomozycielka-lodz.pl\/index.php?rest_route=\/wp\/v2\/posts\/813","targetHints":{"allow":["GET"]}}],"collection":[{"href":"https:\/\/wspomozycielka-lodz.pl\/index.php?rest_route=\/wp\/v2\/posts"}],"about":[{"href":"https:\/\/wspomozycielka-lodz.pl\/index.php?rest_route=\/wp\/v2\/types\/post"}],"author":[{"embeddable":true,"href":"https:\/\/wspomozycielka-lodz.pl\/index.php?rest_route=\/wp\/v2\/users\/2"}],"replies":[{"embeddable":true,"href":"https:\/\/wspomozycielka-lodz.pl\/index.php?rest_route=%2Fwp%2Fv2%2Fcomments&post=813"}],"version-history":[{"count":1,"href":"https:\/\/wspomozycielka-lodz.pl\/index.php?rest_route=\/wp\/v2\/posts\/813\/revisions"}],"predecessor-version":[{"id":814,"href":"https:\/\/wspomozycielka-lodz.pl\/index.php?rest_route=\/wp\/v2\/posts\/813\/revisions\/814"}],"wp:featuredmedia":[{"embeddable":true,"href":"https:\/\/wspomozycielka-lodz.pl\/index.php?rest_route=\/wp\/v2\/media\/619"}],"wp:attachment":[{"href":"https:\/\/wspomozycielka-lodz.pl\/index.php?rest_route=%2Fwp%2Fv2%2Fmedia&parent=813"}],"wp:term":[{"taxonomy":"category","embeddable":true,"href":"https:\/\/wspomozycielka-lodz.pl\/index.php?rest_route=%2Fwp%2Fv2%2Fcategories&post=813"},{"taxonomy":"post_tag","embeddable":true,"href":"https:\/\/wspomozycielka-lodz.pl\/index.php?rest_route=%2Fwp%2Fv2%2Ftags&post=813"}],"curies":[{"name":"wp","href":"https:\/\/api.w.org\/{rel}","templated":true}]}}