{"id":811,"date":"2023-12-05T14:16:43","date_gmt":"2023-12-05T13:16:43","guid":{"rendered":"https:\/\/wspomozycielka-lodz.pl\/?p=811"},"modified":"2023-12-05T14:16:55","modified_gmt":"2023-12-05T13:16:55","slug":"ogloszenia-parafialne-3-12-2023","status":"publish","type":"post","link":"https:\/\/wspomozycielka-lodz.pl\/?p=811","title":{"rendered":"OG\u0141OSZENIA PARAFIALNE (3.12.2023)"},"content":{"rendered":"\n<p>1. Msze roratnie w parafii codziennie o godz. 7.30, a dla dzieci i m\u0142odzie\u017cy w poniedzia\u0142ki o godz. 6.30.<\/p>\n\n\n\n<p>2. Trwamy w nowennie przed uroczysto\u015bci\u0105 Niepokalanego Pocz\u0119cia NMP o godz. 17.40.<\/p>\n\n\n\n<p>3. W poniedzia\u0142ek na Mszy wieczornej uczcimy \u015bw. Barbar\u0119, patronk\u0119 wsp\u00f3lnoty salezja\u0144skiej na Wodnej.<\/p>\n\n\n\n<p>4. We wtorek na Mszy wieczornej b\u0119dziemy si\u0119 modli\u0107 za zmar\u0142ych polecanych w wypominkach. Po Mszy \u015bw. spotkanie biblijne.<\/p>\n\n\n\n<p>5. W \u015brod\u0119 na Mszy wieczornej b\u0119dziemy si\u0119 modli\u0107 w intencji Dobrodziej\u00f3w naszej parafii i dzie\u0142a salezja\u0144skiego oraz w intencji Ojczyzny. Po Mszy \u015bw. spotkanie Wieczernika modlitwy za kap\u0142an\u00f3w.<\/p>\n\n\n\n<p>6. W czwartek na Mszy wieczornej b\u0119dziemy si\u0119 modli\u0107 za kap\u0142an\u00f3w i osoby konsekrowane pos\u0142uguj\u0105ce w naszej parafii i o nowe powo\u0142ania. Po Mszy wieczornej adoracja Naj\u015bwi\u0119tszego Sakramentu.<\/p>\n\n\n\n<p>7. W pi\u0105tek obchodzimy uroczysto\u015b\u0107 Niepokalanego Pocz\u0119cia NMP. Z tej racji nie obowi\u0105zuje wstrzemi\u0119\u017aliwo\u015b\u0107 od pokarm\u00f3w mi\u0119snych.<\/p>\n\n\n\n<p>8. W sklepiku parafialnym s\u0105 dost\u0119pne op\u0142atki i \u015bwiece bo\u017conarodzeniowe. R\u00f3wnie\u017c przed wej\u015bciem do ko\u015bcio\u0142a mo\u017cna naby\u0107 op\u0142atki u Salezjan\u00f3w Wsp\u00f3\u0142pracownik\u00f3w. <\/p>\n\n\n\n<p>9. W przysz\u0142\u0105 niedziel\u0119 b\u0119dzie spotkanie Salezjan\u00f3w Wsp\u00f3\u0142pracownik\u00f3w po Mszy \u015bwi\u0119tej o godz. 11.30.<\/p>\n","protected":false},"excerpt":{"rendered":"<p>1. Msze roratnie w parafii codziennie o godz. 7.30, a dla dzieci i m\u0142odzie\u017cy w poniedzia\u0142ki o godz. 6.30. 2. Trwamy w nowennie przed uroczysto\u015bci\u0105 Niepokalanego Pocz\u0119cia NMP o godz. 17.40. 3. W poniedzia\u0142ek na Mszy wieczornej uczcimy \u015bw. Barbar\u0119, patronk\u0119 wsp\u00f3lnoty salezja\u0144skiej na Wodnej. 4. We wtorek na Mszy [&hellip;]<\/p>\n","protected":false},"author":2,"featured_media":619,"comment_status":"open","ping_status":"open","sticky":false,"template":"","format":"standard","meta":{"footnotes":""},"categories":[2],"tags":[],"class_list":["post-811","post","type-post","status-publish","format-standard","has-post-thumbnail","hentry","category-aktualnosci"],"_links":{"self":[{"href":"https:\/\/wspomozycielka-lodz.pl\/index.php?rest_route=\/wp\/v2\/posts\/811","targetHints":{"allow":["GET"]}}],"collection":[{"href":"https:\/\/wspomozycielka-lodz.pl\/index.php?rest_route=\/wp\/v2\/posts"}],"about":[{"href":"https:\/\/wspomozycielka-lodz.pl\/index.php?rest_route=\/wp\/v2\/types\/post"}],"author":[{"embeddable":true,"href":"https:\/\/wspomozycielka-lodz.pl\/index.php?rest_route=\/wp\/v2\/users\/2"}],"replies":[{"embeddable":true,"href":"https:\/\/wspomozycielka-lodz.pl\/index.php?rest_route=%2Fwp%2Fv2%2Fcomments&post=811"}],"version-history":[{"count":1,"href":"https:\/\/wspomozycielka-lodz.pl\/index.php?rest_route=\/wp\/v2\/posts\/811\/revisions"}],"predecessor-version":[{"id":812,"href":"https:\/\/wspomozycielka-lodz.pl\/index.php?rest_route=\/wp\/v2\/posts\/811\/revisions\/812"}],"wp:featuredmedia":[{"embeddable":true,"href":"https:\/\/wspomozycielka-lodz.pl\/index.php?rest_route=\/wp\/v2\/media\/619"}],"wp:attachment":[{"href":"https:\/\/wspomozycielka-lodz.pl\/index.php?rest_route=%2Fwp%2Fv2%2Fmedia&parent=811"}],"wp:term":[{"taxonomy":"category","embeddable":true,"href":"https:\/\/wspomozycielka-lodz.pl\/index.php?rest_route=%2Fwp%2Fv2%2Fcategories&post=811"},{"taxonomy":"post_tag","embeddable":true,"href":"https:\/\/wspomozycielka-lodz.pl\/index.php?rest_route=%2Fwp%2Fv2%2Ftags&post=811"}],"curies":[{"name":"wp","href":"https:\/\/api.w.org\/{rel}","templated":true}]}}