{"id":807,"date":"2023-11-18T11:02:31","date_gmt":"2023-11-18T10:02:31","guid":{"rendered":"https:\/\/wspomozycielka-lodz.pl\/?p=807"},"modified":"2023-11-18T11:02:32","modified_gmt":"2023-11-18T10:02:32","slug":"ogloszenia-parafialne-19-11-2023","status":"publish","type":"post","link":"https:\/\/wspomozycielka-lodz.pl\/?p=807","title":{"rendered":"OG\u0141OSZENIA PARAFIALNE (19.11.2023)"},"content":{"rendered":"\n<p>1. Modlitwa r\u00f3\u017ca\u0144cowa za naszych zmar\u0142ych polecanych w wypominkach wraz z nowenn\u0105 do Maryi Wspomo\u017cycielki do czwartku o godz. 17.15. W pi\u0105tek ho\u0142d ku czci Maryi Wspomo\u017cycielki i wypominki o godz. 17.00. Od soboty modlitwa wypominkowa o godz. 17.30.<\/p>\n\n\n\n<p>2. We wtorek po Mszy wieczornej spotkanie biblijne.<\/p>\n\n\n\n<p>3. W czwartek po Mszy wieczornej adoracja Naj\u015bwi\u0119tszego Sakramentu.<\/p>\n\n\n\n<p>4. W przysz\u0142\u0105 niedziel\u0119 o godz. 11.30 b\u0119dzie Msza \u015bw. i spotkanie dla dzieci przygotowuj\u0105cych si\u0119 do pierwszej Komunii \u015awi\u0119tej i ich rodzic\u00f3w.<\/p>\n\n\n\n<p>5. W przysz\u0142\u0105 niedziel\u0119 te\u017c w auli naszej Szko\u0142y Salezja\u0144skiej na Wodnej w godz. 12.30-17.00 odb\u0119dzie si\u0119 spotkanie m\u0142odzie\u017cy z okazji \u015awiatowego Dnia M\u0142odzie\u017cy. Opraw\u0119 muzyczn\u0105 i uwielbienie poprowadzi zesp\u00f3\u0142 \u201eOcaleni\u201d wsp\u00f3lnoty Efez. W programie b\u0119dzie r\u00f3wnie\u017c Eucharystia i wsp\u00f3lny posi\u0142ek. Aby wzi\u0105\u0107 udzia\u0142 w spotkaniu nale\u017cy wype\u0142ni\u0107 formularz zg\u0142oszeniowy, kt\u00f3ry jest dost\u0119pny wraz z bardziej szczeg\u00f3\u0142owymi informacjami na stronie internetowej archidiecezji \u0142\u00f3dzkiej oraz na fanpejd\u017cu \u0141\u00f3d\u017a Piotrowa \u2013 M\u0142odzi WDoMu na Facebooku.<\/p>\n\n\n\n<p>6. Dzi\u015b przeprowadzana jest zbi\u00f3rka ofiar do puszki z racji VII \u015awiatowego Dnia Ubogich pod has\u0142em \u201eCiep\u0142o dla&#8230;\u201d. Zebrane \u015brodki przeznaczone zostan\u0105 na zakup opa\u0142u i urz\u0105dze\u0144 grzewczych dla mieszka\u0144c\u00f3w Syrii, Libanu i Ukrainy. <\/p>\n\n\n\n<p>7. W dniu 11 listopada odszed\u0142 do wieczno\u015bci ks. Zdzis\u0142aw Weder, salezjanin, pochodz\u0105cy z ziemi \u0142\u00f3dzkiej, by\u0142y prze\u0142o\u017cony warszawskiej inspektorii salezjan\u00f3w, wieloletni misjonarz w Bia\u0142orusi i Rosji. Pogrzeb \u015bp. ks. Zdzis\u0142awa b\u0119dzie we wtorek o godz. 13.00 w salezja\u0144skim ko\u015bciele \u015bw. Teresy od Dzieci\u0105tka Jezus i \u015bw. Jana Bosko.<em> Wieczny odpoczynek racz mu da\u0107, Panie<\/em>&#8230;<\/p>\n","protected":false},"excerpt":{"rendered":"<p>1. Modlitwa r\u00f3\u017ca\u0144cowa za naszych zmar\u0142ych polecanych w wypominkach wraz z nowenn\u0105 do Maryi Wspomo\u017cycielki do czwartku o godz. 17.15. W pi\u0105tek ho\u0142d ku czci Maryi Wspomo\u017cycielki i wypominki o godz. 17.00. Od soboty modlitwa wypominkowa o godz. 17.30. 2. We wtorek po Mszy wieczornej spotkanie biblijne. 3. W czwartek [&hellip;]<\/p>\n","protected":false},"author":2,"featured_media":619,"comment_status":"open","ping_status":"open","sticky":false,"template":"","format":"standard","meta":{"footnotes":""},"categories":[2],"tags":[],"class_list":["post-807","post","type-post","status-publish","format-standard","has-post-thumbnail","hentry","category-aktualnosci"],"_links":{"self":[{"href":"https:\/\/wspomozycielka-lodz.pl\/index.php?rest_route=\/wp\/v2\/posts\/807","targetHints":{"allow":["GET"]}}],"collection":[{"href":"https:\/\/wspomozycielka-lodz.pl\/index.php?rest_route=\/wp\/v2\/posts"}],"about":[{"href":"https:\/\/wspomozycielka-lodz.pl\/index.php?rest_route=\/wp\/v2\/types\/post"}],"author":[{"embeddable":true,"href":"https:\/\/wspomozycielka-lodz.pl\/index.php?rest_route=\/wp\/v2\/users\/2"}],"replies":[{"embeddable":true,"href":"https:\/\/wspomozycielka-lodz.pl\/index.php?rest_route=%2Fwp%2Fv2%2Fcomments&post=807"}],"version-history":[{"count":1,"href":"https:\/\/wspomozycielka-lodz.pl\/index.php?rest_route=\/wp\/v2\/posts\/807\/revisions"}],"predecessor-version":[{"id":808,"href":"https:\/\/wspomozycielka-lodz.pl\/index.php?rest_route=\/wp\/v2\/posts\/807\/revisions\/808"}],"wp:featuredmedia":[{"embeddable":true,"href":"https:\/\/wspomozycielka-lodz.pl\/index.php?rest_route=\/wp\/v2\/media\/619"}],"wp:attachment":[{"href":"https:\/\/wspomozycielka-lodz.pl\/index.php?rest_route=%2Fwp%2Fv2%2Fmedia&parent=807"}],"wp:term":[{"taxonomy":"category","embeddable":true,"href":"https:\/\/wspomozycielka-lodz.pl\/index.php?rest_route=%2Fwp%2Fv2%2Fcategories&post=807"},{"taxonomy":"post_tag","embeddable":true,"href":"https:\/\/wspomozycielka-lodz.pl\/index.php?rest_route=%2Fwp%2Fv2%2Ftags&post=807"}],"curies":[{"name":"wp","href":"https:\/\/api.w.org\/{rel}","templated":true}]}}