{"id":803,"date":"2023-11-05T21:42:29","date_gmt":"2023-11-05T20:42:29","guid":{"rendered":"https:\/\/wspomozycielka-lodz.pl\/?p=803"},"modified":"2023-11-05T21:42:30","modified_gmt":"2023-11-05T20:42:30","slug":"ogloszenia-parafialne-5-11-2023","status":"publish","type":"post","link":"https:\/\/wspomozycielka-lodz.pl\/?p=803","title":{"rendered":"OG\u0141OSZENIA PARAFIALNE (5.11.2023)"},"content":{"rendered":"\n<p>1. Modlitwa r\u00f3\u017ca\u0144cowa za naszych zmar\u0142ych polecanych w wypominkach codziennie o godz. 17.30.<\/p>\n\n\n\n<p>2. We wtorek po Mszy wieczornej spotkanie biblijne.<\/p>\n\n\n\n<p>3. W czwartek po Mszy wieczornej adoracja Naj\u015bwi\u0119tszego Sakramentu.<\/p>\n\n\n\n<p>4. W sobot\u0119 na Mszy porannej o godz. 7.30 b\u0119dziemy si\u0119 modli\u0107 za nasz\u0105 Ojczyzn\u0119 w \u015bwi\u0119to odzyskania niepodleg\u0142o\u015bci.<\/p>\n\n\n\n<p>5. W przysz\u0142\u0105 niedziel\u0119 b\u0119dzie spotkanie Salezjan\u00f3w Wsp\u00f3\u0142pracownik\u00f3w po Mszy \u015bwi\u0119tej o godz. 11.30.<\/p>\n\n\n\n<p>6. W sklepiku parafialnym dost\u0119pne s\u0105 ju\u017c \u015bwiece bo\u017conarodzeniowe i kalendarze adwentowe dla dzieci.<\/p>\n\n\n\n<p>7. Z naszej wsp\u00f3lnoty parafialnej do wieczno\u015bci odszed\u0142: Piotr Fitych, lat 41. <em>Wieczny odpoczynek racz mu da\u0107, Panie<\/em>&#8230;<\/p>\n","protected":false},"excerpt":{"rendered":"<p>1. Modlitwa r\u00f3\u017ca\u0144cowa za naszych zmar\u0142ych polecanych w wypominkach codziennie o godz. 17.30. 2. We wtorek po Mszy wieczornej spotkanie biblijne. 3. W czwartek po Mszy wieczornej adoracja Naj\u015bwi\u0119tszego Sakramentu. 4. W sobot\u0119 na Mszy porannej o godz. 7.30 b\u0119dziemy si\u0119 modli\u0107 za nasz\u0105 Ojczyzn\u0119 w \u015bwi\u0119to odzyskania niepodleg\u0142o\u015bci. 5. [&hellip;]<\/p>\n","protected":false},"author":2,"featured_media":619,"comment_status":"open","ping_status":"open","sticky":false,"template":"","format":"standard","meta":{"footnotes":""},"categories":[2],"tags":[],"class_list":["post-803","post","type-post","status-publish","format-standard","has-post-thumbnail","hentry","category-aktualnosci"],"_links":{"self":[{"href":"https:\/\/wspomozycielka-lodz.pl\/index.php?rest_route=\/wp\/v2\/posts\/803","targetHints":{"allow":["GET"]}}],"collection":[{"href":"https:\/\/wspomozycielka-lodz.pl\/index.php?rest_route=\/wp\/v2\/posts"}],"about":[{"href":"https:\/\/wspomozycielka-lodz.pl\/index.php?rest_route=\/wp\/v2\/types\/post"}],"author":[{"embeddable":true,"href":"https:\/\/wspomozycielka-lodz.pl\/index.php?rest_route=\/wp\/v2\/users\/2"}],"replies":[{"embeddable":true,"href":"https:\/\/wspomozycielka-lodz.pl\/index.php?rest_route=%2Fwp%2Fv2%2Fcomments&post=803"}],"version-history":[{"count":1,"href":"https:\/\/wspomozycielka-lodz.pl\/index.php?rest_route=\/wp\/v2\/posts\/803\/revisions"}],"predecessor-version":[{"id":804,"href":"https:\/\/wspomozycielka-lodz.pl\/index.php?rest_route=\/wp\/v2\/posts\/803\/revisions\/804"}],"wp:featuredmedia":[{"embeddable":true,"href":"https:\/\/wspomozycielka-lodz.pl\/index.php?rest_route=\/wp\/v2\/media\/619"}],"wp:attachment":[{"href":"https:\/\/wspomozycielka-lodz.pl\/index.php?rest_route=%2Fwp%2Fv2%2Fmedia&parent=803"}],"wp:term":[{"taxonomy":"category","embeddable":true,"href":"https:\/\/wspomozycielka-lodz.pl\/index.php?rest_route=%2Fwp%2Fv2%2Fcategories&post=803"},{"taxonomy":"post_tag","embeddable":true,"href":"https:\/\/wspomozycielka-lodz.pl\/index.php?rest_route=%2Fwp%2Fv2%2Ftags&post=803"}],"curies":[{"name":"wp","href":"https:\/\/api.w.org\/{rel}","templated":true}]}}