{"id":799,"date":"2023-10-29T22:49:07","date_gmt":"2023-10-29T21:49:07","guid":{"rendered":"https:\/\/wspomozycielka-lodz.pl\/?p=799"},"modified":"2023-10-29T22:49:17","modified_gmt":"2023-10-29T21:49:17","slug":"ogloszenia-parafialne-29-10-2023","status":"publish","type":"post","link":"https:\/\/wspomozycielka-lodz.pl\/?p=799","title":{"rendered":"OG\u0141OSZENIA PARAFIALNE (29.10.2023)"},"content":{"rendered":"\n<p>1. Nabo\u017ce\u0144stwa r\u00f3\u017ca\u0144cowe do wtorku o godz. 17.30. Ostatnie nabo\u017ce\u0144stwo r\u00f3\u017ca\u0144cowe dla dzieci we wtorek o godz. 16.30.<\/p>\n\n\n\n<p>2. We wtorek po Mszy wieczornej wyj\u0105tkowo nie b\u0119dzie spotkania biblijnego, natomiast zapraszam wszystkich parafian i sympatyk\u00f3w na spotkanie w ramach synodu parafialnego.<\/p>\n\n\n\n<p>3. W \u015brod\u0119 obchodzimy uroczysto\u015b\u0107 Wszystkich \u015awi\u0119tych. W tym dniu istnieje obowi\u0105zek uczestnictwa w Eucharystii. Msze \u015bwi\u0119te jak w niedziel\u0119. Na Mszy o godz. 8.30 b\u0119dziemy si\u0119 modli\u0107 za wszystkich Dobrodziej\u00f3w naszej parafii i ca\u0142ego dzie\u0142a salezja\u0144skiego na Wodnej oraz w intencji naszej Ojczyzny.<\/p>\n\n\n\n<p>4. Przypominamy, \u017ce od 1 do 8 listopada w\u0142\u0105cznie mo\u017cna zyska\u0107 codziennie odpust zupe\u0142ny za pobo\u017cne nawiedzenie cmentarza i odm\u00f3wienie modlitwy za zmar\u0142ych. Odpust ten mo\u017cna ofiarowa\u0107 tylko za zmar\u0142ych.<\/p>\n\n\n\n<p>5. W \u015brod\u0119 o godz. 17.30 rozpoczynamy listopadow\u0105 modlitw\u0119 za zmar\u0142ych polecanych w wypominkach. Numery wypomink\u00f3w z przypisanymi dniami tygodnia b\u0119d\u0105 od \u015brody umieszczone w gablocie. Mo\u017cna jeszcze przynie\u015b\u0107 zg\u0142oszenia na wypominki za naszych zmar\u0142ych.<\/p>\n\n\n\n<p>6. W czwartek prze\u017cywamy w liturgii Wspomnienie Wszystkich Wiernych Zmar\u0142ych. Na Mszy wieczornej b\u0119dziemy si\u0119 modli\u0107 za kap\u0142an\u00f3w i osoby konsekrowane pos\u0142uguj\u0105ce w naszej parafii i o nowe powo\u0142ania. Po Mszy wieczornej adoracja Naj\u015bwi\u0119tszego Sakramentu.<\/p>\n\n\n\n<p>7. W pi\u0105tek od godz. 15.00 Godzina Mi\u0142osierdzia i adoracja Naj\u015bwi\u0119tszego Sakramentu. Po Mszy wieczornej spotkanie wsp\u00f3lnoty Stra\u017cy Honorowej NSPJ.<\/p>\n\n\n\n<p>8. W sobot\u0119 po Mszy porannej nabo\u017ce\u0144stwo i wymiana tajemnic r\u00f3\u017ca\u0144cowych, a po Mszy wieczornej o godz. 19.00 r\u00f3\u017caniec prowadzony przez wsp\u00f3lnot\u0119 \u017bywego R\u00f3\u017ca\u0144ca.<\/p>\n\n\n\n<p>9. Dzi\u015b mo\u017cna z\u0142o\u017cy\u0107 ofiar\u0119 do puszki na Radio Maryja. <\/p>\n\n\n\n<p>10. Z naszej wsp\u00f3lnoty parafialnej do wieczno\u015bci odesz\u0142a: Marzena Kubiak, lat 45. <em>Wieczny odpoczynek racz jej da\u0107, Panie<\/em>&#8230;<\/p>\n","protected":false},"excerpt":{"rendered":"<p>1. Nabo\u017ce\u0144stwa r\u00f3\u017ca\u0144cowe do wtorku o godz. 17.30. Ostatnie nabo\u017ce\u0144stwo r\u00f3\u017ca\u0144cowe dla dzieci we wtorek o godz. 16.30. 2. We wtorek po Mszy wieczornej wyj\u0105tkowo nie b\u0119dzie spotkania biblijnego, natomiast zapraszam wszystkich parafian i sympatyk\u00f3w na spotkanie w ramach synodu parafialnego. 3. W \u015brod\u0119 obchodzimy uroczysto\u015b\u0107 Wszystkich \u015awi\u0119tych. W tym [&hellip;]<\/p>\n","protected":false},"author":2,"featured_media":619,"comment_status":"open","ping_status":"open","sticky":false,"template":"","format":"standard","meta":{"footnotes":""},"categories":[2],"tags":[],"class_list":["post-799","post","type-post","status-publish","format-standard","has-post-thumbnail","hentry","category-aktualnosci"],"_links":{"self":[{"href":"https:\/\/wspomozycielka-lodz.pl\/index.php?rest_route=\/wp\/v2\/posts\/799","targetHints":{"allow":["GET"]}}],"collection":[{"href":"https:\/\/wspomozycielka-lodz.pl\/index.php?rest_route=\/wp\/v2\/posts"}],"about":[{"href":"https:\/\/wspomozycielka-lodz.pl\/index.php?rest_route=\/wp\/v2\/types\/post"}],"author":[{"embeddable":true,"href":"https:\/\/wspomozycielka-lodz.pl\/index.php?rest_route=\/wp\/v2\/users\/2"}],"replies":[{"embeddable":true,"href":"https:\/\/wspomozycielka-lodz.pl\/index.php?rest_route=%2Fwp%2Fv2%2Fcomments&post=799"}],"version-history":[{"count":1,"href":"https:\/\/wspomozycielka-lodz.pl\/index.php?rest_route=\/wp\/v2\/posts\/799\/revisions"}],"predecessor-version":[{"id":800,"href":"https:\/\/wspomozycielka-lodz.pl\/index.php?rest_route=\/wp\/v2\/posts\/799\/revisions\/800"}],"wp:featuredmedia":[{"embeddable":true,"href":"https:\/\/wspomozycielka-lodz.pl\/index.php?rest_route=\/wp\/v2\/media\/619"}],"wp:attachment":[{"href":"https:\/\/wspomozycielka-lodz.pl\/index.php?rest_route=%2Fwp%2Fv2%2Fmedia&parent=799"}],"wp:term":[{"taxonomy":"category","embeddable":true,"href":"https:\/\/wspomozycielka-lodz.pl\/index.php?rest_route=%2Fwp%2Fv2%2Fcategories&post=799"},{"taxonomy":"post_tag","embeddable":true,"href":"https:\/\/wspomozycielka-lodz.pl\/index.php?rest_route=%2Fwp%2Fv2%2Ftags&post=799"}],"curies":[{"name":"wp","href":"https:\/\/api.w.org\/{rel}","templated":true}]}}