{"id":797,"date":"2023-10-21T14:30:50","date_gmt":"2023-10-21T12:30:50","guid":{"rendered":"https:\/\/wspomozycielka-lodz.pl\/?p=797"},"modified":"2023-10-21T14:31:01","modified_gmt":"2023-10-21T12:31:01","slug":"ogloszenia-parafialne-22-10-2023","status":"publish","type":"post","link":"https:\/\/wspomozycielka-lodz.pl\/?p=797","title":{"rendered":"OG\u0141OSZENIA PARAFIALNE (22.10.2023)"},"content":{"rendered":"\n<p>1. Nowenna do Maryi Wspomo\u017cycielki po\u0142\u0105czona z nabo\u017ce\u0144stwem r\u00f3\u017ca\u0144cowym do poniedzia\u0142ku o godz. 17.15. We wtorek ho\u0142d ku czci Maryi Wspomo\u017cycielki wraz z r\u00f3\u017ca\u0144cem o godz. 17.00. Dzieci zapraszamy szczeg\u00f3lnie we wtorki o godz. 16.30.<\/p>\n\n\n\n<p>2. We wtorek po Mszy wieczornej spotkanie biblijne, a tak\u017ce spotkanie Sodalicji Maria\u0144skiej.<\/p>\n\n\n\n<p>3. W czwartek po Mszy wieczornej adoracja Naj\u015bwi\u0119tszego Sakramentu.<\/p>\n\n\n\n<p>4. W sobot\u0119 na Mszy porannej b\u0119dziemy si\u0119 modli\u0107 za ks. Tadeusza Furdyn\u0119 i ks. Tadeusza Kujaw\u0119 z okazji imienin.<\/p>\n\n\n\n<p>5. Przyjmujemy zg\u0142oszenia na wypominki za naszych zmar\u0142ych, za kt\u00f3rych b\u0119dziemy si\u0119 modli\u0107 przez ca\u0142y listopad oraz potem przez ca\u0142y rok w ka\u017cdy pierwszy wtorek miesi\u0105ca na Mszy \u015bw.<\/p>\n\n\n\n<p>6. W zwi\u0105zku z konfliktem w Ziemi \u015awi\u0119tej papie\u017c Franciszek zaapelowa\u0142 do wiernych na ca\u0142ym \u015bwiecie o w\u0142\u0105czenie si\u0119 w pi\u0105tek 27 pa\u017adziernika w Dzie\u0144 postu, modlitwy i pokuty w intencji pokoju. <\/p>\n\n\n\n<p>7. Przypominamy, \u017ce w przysz\u0142y weekend w nocy z soboty na niedziel\u0119 czeka nas zmiana czasu z letniego na zimowy.<\/p>\n","protected":false},"excerpt":{"rendered":"<p>1. Nowenna do Maryi Wspomo\u017cycielki po\u0142\u0105czona z nabo\u017ce\u0144stwem r\u00f3\u017ca\u0144cowym do poniedzia\u0142ku o godz. 17.15. We wtorek ho\u0142d ku czci Maryi Wspomo\u017cycielki wraz z r\u00f3\u017ca\u0144cem o godz. 17.00. Dzieci zapraszamy szczeg\u00f3lnie we wtorki o godz. 16.30. 2. We wtorek po Mszy wieczornej spotkanie biblijne, a tak\u017ce spotkanie Sodalicji Maria\u0144skiej. 3. W [&hellip;]<\/p>\n","protected":false},"author":2,"featured_media":619,"comment_status":"open","ping_status":"open","sticky":false,"template":"","format":"standard","meta":{"footnotes":""},"categories":[2],"tags":[],"class_list":["post-797","post","type-post","status-publish","format-standard","has-post-thumbnail","hentry","category-aktualnosci"],"_links":{"self":[{"href":"https:\/\/wspomozycielka-lodz.pl\/index.php?rest_route=\/wp\/v2\/posts\/797","targetHints":{"allow":["GET"]}}],"collection":[{"href":"https:\/\/wspomozycielka-lodz.pl\/index.php?rest_route=\/wp\/v2\/posts"}],"about":[{"href":"https:\/\/wspomozycielka-lodz.pl\/index.php?rest_route=\/wp\/v2\/types\/post"}],"author":[{"embeddable":true,"href":"https:\/\/wspomozycielka-lodz.pl\/index.php?rest_route=\/wp\/v2\/users\/2"}],"replies":[{"embeddable":true,"href":"https:\/\/wspomozycielka-lodz.pl\/index.php?rest_route=%2Fwp%2Fv2%2Fcomments&post=797"}],"version-history":[{"count":1,"href":"https:\/\/wspomozycielka-lodz.pl\/index.php?rest_route=\/wp\/v2\/posts\/797\/revisions"}],"predecessor-version":[{"id":798,"href":"https:\/\/wspomozycielka-lodz.pl\/index.php?rest_route=\/wp\/v2\/posts\/797\/revisions\/798"}],"wp:featuredmedia":[{"embeddable":true,"href":"https:\/\/wspomozycielka-lodz.pl\/index.php?rest_route=\/wp\/v2\/media\/619"}],"wp:attachment":[{"href":"https:\/\/wspomozycielka-lodz.pl\/index.php?rest_route=%2Fwp%2Fv2%2Fmedia&parent=797"}],"wp:term":[{"taxonomy":"category","embeddable":true,"href":"https:\/\/wspomozycielka-lodz.pl\/index.php?rest_route=%2Fwp%2Fv2%2Fcategories&post=797"},{"taxonomy":"post_tag","embeddable":true,"href":"https:\/\/wspomozycielka-lodz.pl\/index.php?rest_route=%2Fwp%2Fv2%2Ftags&post=797"}],"curies":[{"name":"wp","href":"https:\/\/api.w.org\/{rel}","templated":true}]}}