{"id":785,"date":"2023-10-02T14:23:22","date_gmt":"2023-10-02T12:23:22","guid":{"rendered":"https:\/\/wspomozycielka-lodz.pl\/?p=785"},"modified":"2023-10-02T14:23:22","modified_gmt":"2023-10-02T12:23:22","slug":"ogloszenia-parafialne-1-10-2023","status":"publish","type":"post","link":"https:\/\/wspomozycielka-lodz.pl\/?p=785","title":{"rendered":"OG\u0141OSZENIA PARAFIALNE (1.10.2023)"},"content":{"rendered":"\n<p>1. Dzi\u015b rozpoczynamy nabo\u017ce\u0144stwa r\u00f3\u017ca\u0144cowe o godz. 17.30, a dzieci zapraszamy szczeg\u00f3lnie we wtorki o godz. 16.30. Zach\u0119camy do wsp\u00f3lnej modlitwy r\u00f3\u017ca\u0144cowej. Warto te\u017c pomy\u015ble\u0107 o przy\u0142\u0105czeniu si\u0119 do grup \u017bywego R\u00f3\u017ca\u0144ca w parafii.<\/p>\n\n\n\n<p>2. We wtorek na Mszy wieczornej b\u0119dziemy si\u0119 modli\u0107 za zmar\u0142ych polecanych w wypominkach. Po Mszy wieczornej spotkanie biblijne.<\/p>\n\n\n\n<p>3. W \u015brod\u0119 na Mszy wieczornej b\u0119dziemy si\u0119 modli\u0107 za wszystkich Dobrodziej\u00f3w naszej parafii i ca\u0142ego dzie\u0142a salezja\u0144skiego na Wodnej oraz w intencji naszej Ojczyzny. Po Mszy wieczornej spotkanie wsp\u00f3lnoty Wieczernika modlitwy za kap\u0142an\u00f3w.<\/p>\n\n\n\n<p>4. W czwartek obchodzimy uroczysto\u015b\u0107 \u015bw. Faustyny, g\u0142\u00f3wnej patronki \u0141odzi. Na Mszy wieczornej b\u0119dziemy si\u0119 modli\u0107 za kap\u0142an\u00f3w i osoby konsekrowane pos\u0142uguj\u0105ce w naszej parafii i o nowe powo\u0142ania. Po Mszy wieczornej adoracja Naj\u015bwi\u0119tszego Sakramentu.<\/p>\n\n\n\n<p>5. W pi\u0105tek o godz. 15.00 Godzina Mi\u0142osierdzia i adoracja Naj\u015bwi\u0119tszego Sakramentu. Na Mszy wieczornej b\u0119dziemy si\u0119 modli\u0107 w intencji kl. Chrispina z okazji urodzin. Po Mszy wieczornej spotkanie wsp\u00f3lnoty Stra\u017cy Honorowej NSPJ.<\/p>\n\n\n\n<p>6. W sobot\u0119 po Mszy porannej nabo\u017ce\u0144stwo i wymiana tajemnic r\u00f3\u017ca\u0144cowych, a po Mszy wieczornej o godz. 19.00 r\u00f3\u017caniec prowadzony przez wsp\u00f3lnot\u0119 \u017bywego R\u00f3\u017ca\u0144ca.<\/p>\n\n\n\n<p>7. W przysz\u0142\u0105 niedziel\u0119 b\u0119dzie spotkanie Salezjan\u00f3w Wsp\u00f3\u0142pracownik\u00f3w po Mszy o godz. 11.30.<\/p>\n\n\n\n<p>8. Komunikat Biskup\u00f3w Pomocniczych Archidiecezji \u0141\u00f3dzkiej: W sobot\u0119 dnia 14 pa\u017adziernika br. o godz. 12 w Bazylice Archikatedralnej &#8211; pod przewodnictwem Ksi\u0119dza Kardyna\u0142a Grzegorza Rysia, metropolity \u0142\u00f3dzkiego &#8211; zostanie odprawiona msza \u015bwi\u0119ta w intencji Synodu Biskup\u00f3w, kt\u00f3ry obraduje w Rzymie na temat: \u201eKu Ko\u015bcio\u0142owi synodalnemu: komunia, uczestnictwo, misja&#8221;. Podczas tej mszy \u015bwi\u0119tej b\u0119dziemy si\u0119 modli\u0107 tak\u017ce w intencji naszego Pasterza, aby &#8211; wspierany \u015bwiat\u0142em i moc\u0105 Ducha \u015awi\u0119tego &#8211; m\u00f3g\u0142 jak najowocniej wype\u0142nia\u0107 nowe zadania wynikaj\u0105ce z przynale\u017cno\u015bci do Kolegium Kardynalskiego, kt\u00f3re stanowi grono najbli\u017cszych wsp\u00f3\u0142pracownik\u00f3w Papie\u017ca. Do licznego udzia\u0142u w tej szczeg\u00f3lnej Eucharystii zapraszamy duchowie\u0144stwo, osoby \u017cycia konsekrowanego, alumn\u00f3w naszych seminari\u00f3w oraz wiernych \u015bwieckich Archidiecezji \u0141\u00f3dzkiej. <\/p>\n\n\n\n<p>8. Z naszej wsp\u00f3lnoty parafialnej do wieczno\u015bci odesz\u0142y: Ma\u0142gorzata Wochna, lat 54; Marianna Durkiewicz, lat 84. <em>Wieczny odpoczynek racz im da\u0107, Panie<\/em>&#8230;<\/p>\n","protected":false},"excerpt":{"rendered":"<p>1. Dzi\u015b rozpoczynamy nabo\u017ce\u0144stwa r\u00f3\u017ca\u0144cowe o godz. 17.30, a dzieci zapraszamy szczeg\u00f3lnie we wtorki o godz. 16.30. Zach\u0119camy do wsp\u00f3lnej modlitwy r\u00f3\u017ca\u0144cowej. Warto te\u017c pomy\u015ble\u0107 o przy\u0142\u0105czeniu si\u0119 do grup \u017bywego R\u00f3\u017ca\u0144ca w parafii. 2. We wtorek na Mszy wieczornej b\u0119dziemy si\u0119 modli\u0107 za zmar\u0142ych polecanych w wypominkach. Po Mszy [&hellip;]<\/p>\n","protected":false},"author":2,"featured_media":619,"comment_status":"open","ping_status":"open","sticky":false,"template":"","format":"standard","meta":{"footnotes":""},"categories":[2],"tags":[],"class_list":["post-785","post","type-post","status-publish","format-standard","has-post-thumbnail","hentry","category-aktualnosci"],"_links":{"self":[{"href":"https:\/\/wspomozycielka-lodz.pl\/index.php?rest_route=\/wp\/v2\/posts\/785","targetHints":{"allow":["GET"]}}],"collection":[{"href":"https:\/\/wspomozycielka-lodz.pl\/index.php?rest_route=\/wp\/v2\/posts"}],"about":[{"href":"https:\/\/wspomozycielka-lodz.pl\/index.php?rest_route=\/wp\/v2\/types\/post"}],"author":[{"embeddable":true,"href":"https:\/\/wspomozycielka-lodz.pl\/index.php?rest_route=\/wp\/v2\/users\/2"}],"replies":[{"embeddable":true,"href":"https:\/\/wspomozycielka-lodz.pl\/index.php?rest_route=%2Fwp%2Fv2%2Fcomments&post=785"}],"version-history":[{"count":1,"href":"https:\/\/wspomozycielka-lodz.pl\/index.php?rest_route=\/wp\/v2\/posts\/785\/revisions"}],"predecessor-version":[{"id":786,"href":"https:\/\/wspomozycielka-lodz.pl\/index.php?rest_route=\/wp\/v2\/posts\/785\/revisions\/786"}],"wp:featuredmedia":[{"embeddable":true,"href":"https:\/\/wspomozycielka-lodz.pl\/index.php?rest_route=\/wp\/v2\/media\/619"}],"wp:attachment":[{"href":"https:\/\/wspomozycielka-lodz.pl\/index.php?rest_route=%2Fwp%2Fv2%2Fmedia&parent=785"}],"wp:term":[{"taxonomy":"category","embeddable":true,"href":"https:\/\/wspomozycielka-lodz.pl\/index.php?rest_route=%2Fwp%2Fv2%2Fcategories&post=785"},{"taxonomy":"post_tag","embeddable":true,"href":"https:\/\/wspomozycielka-lodz.pl\/index.php?rest_route=%2Fwp%2Fv2%2Ftags&post=785"}],"curies":[{"name":"wp","href":"https:\/\/api.w.org\/{rel}","templated":true}]}}