{"id":781,"date":"2023-09-16T08:55:58","date_gmt":"2023-09-16T06:55:58","guid":{"rendered":"https:\/\/wspomozycielka-lodz.pl\/?p=781"},"modified":"2023-09-16T08:55:58","modified_gmt":"2023-09-16T06:55:58","slug":"ogloszenia-parafialne-17-09-2023","status":"publish","type":"post","link":"https:\/\/wspomozycielka-lodz.pl\/?p=781","title":{"rendered":"OG\u0141OSZENIA PARAFIALNE (17.09.2023)"},"content":{"rendered":"\n<p>1. Nowenna do Maryi Wspomo\u017cycielki o godz. 17.40.<\/p>\n\n\n\n<p>2. We wtorek po Mszy wieczornej spotkanie biblijne.<\/p>\n\n\n\n<p>3. W czwartek po Mszy wieczornej adoracja Naj\u015bwi\u0119tszego Sakramentu.<\/p>\n\n\n\n<p>4. W przysz\u0142\u0105 niedziel\u0119 o godz. 11.30 b\u0119dzie Msza \u015bw. i spotkanie dla dzieci przygotowuj\u0105cych si\u0119 do pierwszej Komunii \u015awi\u0119tej i ich rodzic\u00f3w.<\/p>\n\n\n\n<p>5. R\u00f3wnie\u017c w przysz\u0142\u0105 niedziel\u0119 o 17.00 ho\u0142d ku czci Maryi Wspomo\u017cycielki.<\/p>\n\n\n\n<p>6. Dzi\u015b po Mszach \u015bw. przeprowadzana jest zbi\u00f3rka ofiar do puszek na potrzeby Stolicy Apostolskiej. <\/p>\n\n\n\n<p>7. Z naszej wsp\u00f3lnoty parafialnej do wieczno\u015bci odeszli: Jan Muraszko, lat 74; \u0141ukasz Olechnowicz, lat 32. <em>Wieczny odpoczynek racz im da\u0107, Panie<\/em>&#8230;<\/p>\n","protected":false},"excerpt":{"rendered":"<p>1. Nowenna do Maryi Wspomo\u017cycielki o godz. 17.40. 2. We wtorek po Mszy wieczornej spotkanie biblijne. 3. W czwartek po Mszy wieczornej adoracja Naj\u015bwi\u0119tszego Sakramentu. 4. W przysz\u0142\u0105 niedziel\u0119 o godz. 11.30 b\u0119dzie Msza \u015bw. i spotkanie dla dzieci przygotowuj\u0105cych si\u0119 do pierwszej Komunii \u015awi\u0119tej i ich rodzic\u00f3w. 5. R\u00f3wnie\u017c [&hellip;]<\/p>\n","protected":false},"author":2,"featured_media":619,"comment_status":"open","ping_status":"open","sticky":false,"template":"","format":"standard","meta":{"footnotes":""},"categories":[2],"tags":[],"class_list":["post-781","post","type-post","status-publish","format-standard","has-post-thumbnail","hentry","category-aktualnosci"],"_links":{"self":[{"href":"https:\/\/wspomozycielka-lodz.pl\/index.php?rest_route=\/wp\/v2\/posts\/781","targetHints":{"allow":["GET"]}}],"collection":[{"href":"https:\/\/wspomozycielka-lodz.pl\/index.php?rest_route=\/wp\/v2\/posts"}],"about":[{"href":"https:\/\/wspomozycielka-lodz.pl\/index.php?rest_route=\/wp\/v2\/types\/post"}],"author":[{"embeddable":true,"href":"https:\/\/wspomozycielka-lodz.pl\/index.php?rest_route=\/wp\/v2\/users\/2"}],"replies":[{"embeddable":true,"href":"https:\/\/wspomozycielka-lodz.pl\/index.php?rest_route=%2Fwp%2Fv2%2Fcomments&post=781"}],"version-history":[{"count":1,"href":"https:\/\/wspomozycielka-lodz.pl\/index.php?rest_route=\/wp\/v2\/posts\/781\/revisions"}],"predecessor-version":[{"id":782,"href":"https:\/\/wspomozycielka-lodz.pl\/index.php?rest_route=\/wp\/v2\/posts\/781\/revisions\/782"}],"wp:featuredmedia":[{"embeddable":true,"href":"https:\/\/wspomozycielka-lodz.pl\/index.php?rest_route=\/wp\/v2\/media\/619"}],"wp:attachment":[{"href":"https:\/\/wspomozycielka-lodz.pl\/index.php?rest_route=%2Fwp%2Fv2%2Fmedia&parent=781"}],"wp:term":[{"taxonomy":"category","embeddable":true,"href":"https:\/\/wspomozycielka-lodz.pl\/index.php?rest_route=%2Fwp%2Fv2%2Fcategories&post=781"},{"taxonomy":"post_tag","embeddable":true,"href":"https:\/\/wspomozycielka-lodz.pl\/index.php?rest_route=%2Fwp%2Fv2%2Ftags&post=781"}],"curies":[{"name":"wp","href":"https:\/\/api.w.org\/{rel}","templated":true}]}}