{"id":779,"date":"2023-09-09T14:02:01","date_gmt":"2023-09-09T12:02:01","guid":{"rendered":"https:\/\/wspomozycielka-lodz.pl\/?p=779"},"modified":"2023-09-09T14:02:01","modified_gmt":"2023-09-09T12:02:01","slug":"ogloszenia-parafialne-10-09-2023","status":"publish","type":"post","link":"https:\/\/wspomozycielka-lodz.pl\/?p=779","title":{"rendered":"OG\u0141OSZENIA PARAFIALNE (10.09.2023)"},"content":{"rendered":"\n<p>1. We wtorek po Mszy wieczornej spotkanie biblijne.<\/p>\n\n\n\n<p>2. W czwartek po Mszy wieczornej adoracja Naj\u015bwi\u0119tszego Sakramentu. <\/p>\n\n\n\n<p>3. W pi\u0105tek rozpoczniemy nowenn\u0119 do Maryi Wspomo\u017cycielki o godz. 17.40. Zach\u0119camy do przynoszenia pr\u00f3\u015bb do Matki Bo\u017cej, o kt\u00f3re b\u0119dziemy si\u0119 modli\u0107 w kolejnych miesi\u0105cach.<\/p>\n","protected":false},"excerpt":{"rendered":"<p>1. We wtorek po Mszy wieczornej spotkanie biblijne. 2. W czwartek po Mszy wieczornej adoracja Naj\u015bwi\u0119tszego Sakramentu. 3. W pi\u0105tek rozpoczniemy nowenn\u0119 do Maryi Wspomo\u017cycielki o godz. 17.40. Zach\u0119camy do przynoszenia pr\u00f3\u015bb do Matki Bo\u017cej, o kt\u00f3re b\u0119dziemy si\u0119 modli\u0107 w kolejnych miesi\u0105cach.<\/p>\n","protected":false},"author":2,"featured_media":619,"comment_status":"open","ping_status":"open","sticky":false,"template":"","format":"standard","meta":{"footnotes":""},"categories":[2],"tags":[],"class_list":["post-779","post","type-post","status-publish","format-standard","has-post-thumbnail","hentry","category-aktualnosci"],"_links":{"self":[{"href":"https:\/\/wspomozycielka-lodz.pl\/index.php?rest_route=\/wp\/v2\/posts\/779","targetHints":{"allow":["GET"]}}],"collection":[{"href":"https:\/\/wspomozycielka-lodz.pl\/index.php?rest_route=\/wp\/v2\/posts"}],"about":[{"href":"https:\/\/wspomozycielka-lodz.pl\/index.php?rest_route=\/wp\/v2\/types\/post"}],"author":[{"embeddable":true,"href":"https:\/\/wspomozycielka-lodz.pl\/index.php?rest_route=\/wp\/v2\/users\/2"}],"replies":[{"embeddable":true,"href":"https:\/\/wspomozycielka-lodz.pl\/index.php?rest_route=%2Fwp%2Fv2%2Fcomments&post=779"}],"version-history":[{"count":1,"href":"https:\/\/wspomozycielka-lodz.pl\/index.php?rest_route=\/wp\/v2\/posts\/779\/revisions"}],"predecessor-version":[{"id":780,"href":"https:\/\/wspomozycielka-lodz.pl\/index.php?rest_route=\/wp\/v2\/posts\/779\/revisions\/780"}],"wp:featuredmedia":[{"embeddable":true,"href":"https:\/\/wspomozycielka-lodz.pl\/index.php?rest_route=\/wp\/v2\/media\/619"}],"wp:attachment":[{"href":"https:\/\/wspomozycielka-lodz.pl\/index.php?rest_route=%2Fwp%2Fv2%2Fmedia&parent=779"}],"wp:term":[{"taxonomy":"category","embeddable":true,"href":"https:\/\/wspomozycielka-lodz.pl\/index.php?rest_route=%2Fwp%2Fv2%2Fcategories&post=779"},{"taxonomy":"post_tag","embeddable":true,"href":"https:\/\/wspomozycielka-lodz.pl\/index.php?rest_route=%2Fwp%2Fv2%2Ftags&post=779"}],"curies":[{"name":"wp","href":"https:\/\/api.w.org\/{rel}","templated":true}]}}