{"id":777,"date":"2023-09-03T16:42:50","date_gmt":"2023-09-03T14:42:50","guid":{"rendered":"https:\/\/wspomozycielka-lodz.pl\/?p=777"},"modified":"2023-09-03T16:42:51","modified_gmt":"2023-09-03T14:42:51","slug":"ogloszenia-parafialne-3-09-2023","status":"publish","type":"post","link":"https:\/\/wspomozycielka-lodz.pl\/?p=777","title":{"rendered":"OG\u0141OSZENIA PARAFIALNE (3.09.2023)"},"content":{"rendered":"\n<p>1. Sko\u0144czy\u0142 si\u0119 czas wakacyjny, dlatego wracamy do naszych sta\u0142ych nabo\u017ce\u0144stw. Od nowego tygodnia kancelaria parafialna b\u0119dzie czynna ju\u017c od wtorku do pi\u0105tku w godz. 10.00-11.30 i 16.00-17.00.<\/p>\n\n\n\n<p>2. We wtorek na Mszy wieczornej b\u0119dziemy si\u0119 modli\u0107 za zmar\u0142ych polecanych w wypominkach. Po Mszy wieczornej spotkanie biblijne.<\/p>\n\n\n\n<p>3. W \u015brod\u0119 na Mszy wieczornej b\u0119dziemy si\u0119 modli\u0107 za dobrodziej\u00f3w naszej parafii i ca\u0142ego dzie\u0142a salezja\u0144skiego na Wodnej oraz w intencji naszej Ojczyzny. Po Mszy wieczornej spotkanie Wieczernika Modlitwy za Kap\u0142an\u00f3w.<\/p>\n\n\n\n<p>4. W czwartek na Mszy wieczornej b\u0119dziemy si\u0119 modli\u0107 za kap\u0142an\u00f3w pos\u0142uguj\u0105cych w naszej parafii i o nowe powo\u0142ania. Po Mszy wieczornej adoracja Naj\u015bwi\u0119tszego Sakramentu.<\/p>\n\n\n\n<p>5. W pi\u0105tek, w \u015bwi\u0119to Narodzenia NMP, na Mszy wieczornej b\u0119dziemy si\u0119 modli\u0107 w intencji pana organisty Rados\u0142awa w dniu imienin.<\/p>\n\n\n\n<p>6. Nasz\u0105 wsp\u00f3lnot\u0119 zakonn\u0105 opu\u015bci\u0142 ks. Andrzej Kurto, kt\u00f3ry b\u0119dzie teraz pracowa\u0142 w bursie salezja\u0144skiej w Warszawie, natomiast przybyli do nas ks. Jacek Banasiuk i ks. J\u00f3zef Pietrusik.<\/p>\n\n\n\n<p>7. Nasze Oratorium pragnie podzi\u0119kowa\u0107 wszystkim pracownikom, wychowawcom, opiece medycznej, wolontariuszom, liderom oraz salezjanom za pomoc w przeprowadzeniu p\u00f3\u0142kolonii, kolonii, Szko\u0142y lidera, W\u0119drownego Oratorium, wycieczek dla ponad 160 dzieci i m\u0142odzie\u017cy. Szczeg\u00f3ln\u0105 wdzi\u0119czno\u015b\u0107 chcemy wyrazi\u0107 darczy\u0144com i ofiarodawcom, dzi\u0119ki kt\u00f3rym dofinansowano wypoczynek 17 os\u00f3b. <\/p>\n\n\n\n<p>8. Z naszej wsp\u00f3lnoty parafialnej do wieczno\u015bci odeszli: Wies\u0142awa Szczypkowska, lat 69; Miros\u0142aw Tokarski, lat 75. <em>Wieczny odpoczynek racz im da\u0107, Panie<\/em>&#8230;<\/p>\n","protected":false},"excerpt":{"rendered":"<p>1. Sko\u0144czy\u0142 si\u0119 czas wakacyjny, dlatego wracamy do naszych sta\u0142ych nabo\u017ce\u0144stw. Od nowego tygodnia kancelaria parafialna b\u0119dzie czynna ju\u017c od wtorku do pi\u0105tku w godz. 10.00-11.30 i 16.00-17.00. 2. We wtorek na Mszy wieczornej b\u0119dziemy si\u0119 modli\u0107 za zmar\u0142ych polecanych w wypominkach. Po Mszy wieczornej spotkanie biblijne. 3. W \u015brod\u0119 [&hellip;]<\/p>\n","protected":false},"author":2,"featured_media":619,"comment_status":"open","ping_status":"open","sticky":false,"template":"","format":"standard","meta":{"footnotes":""},"categories":[2],"tags":[],"class_list":["post-777","post","type-post","status-publish","format-standard","has-post-thumbnail","hentry","category-aktualnosci"],"_links":{"self":[{"href":"https:\/\/wspomozycielka-lodz.pl\/index.php?rest_route=\/wp\/v2\/posts\/777","targetHints":{"allow":["GET"]}}],"collection":[{"href":"https:\/\/wspomozycielka-lodz.pl\/index.php?rest_route=\/wp\/v2\/posts"}],"about":[{"href":"https:\/\/wspomozycielka-lodz.pl\/index.php?rest_route=\/wp\/v2\/types\/post"}],"author":[{"embeddable":true,"href":"https:\/\/wspomozycielka-lodz.pl\/index.php?rest_route=\/wp\/v2\/users\/2"}],"replies":[{"embeddable":true,"href":"https:\/\/wspomozycielka-lodz.pl\/index.php?rest_route=%2Fwp%2Fv2%2Fcomments&post=777"}],"version-history":[{"count":1,"href":"https:\/\/wspomozycielka-lodz.pl\/index.php?rest_route=\/wp\/v2\/posts\/777\/revisions"}],"predecessor-version":[{"id":778,"href":"https:\/\/wspomozycielka-lodz.pl\/index.php?rest_route=\/wp\/v2\/posts\/777\/revisions\/778"}],"wp:featuredmedia":[{"embeddable":true,"href":"https:\/\/wspomozycielka-lodz.pl\/index.php?rest_route=\/wp\/v2\/media\/619"}],"wp:attachment":[{"href":"https:\/\/wspomozycielka-lodz.pl\/index.php?rest_route=%2Fwp%2Fv2%2Fmedia&parent=777"}],"wp:term":[{"taxonomy":"category","embeddable":true,"href":"https:\/\/wspomozycielka-lodz.pl\/index.php?rest_route=%2Fwp%2Fv2%2Fcategories&post=777"},{"taxonomy":"post_tag","embeddable":true,"href":"https:\/\/wspomozycielka-lodz.pl\/index.php?rest_route=%2Fwp%2Fv2%2Ftags&post=777"}],"curies":[{"name":"wp","href":"https:\/\/api.w.org\/{rel}","templated":true}]}}