{"id":773,"date":"2023-08-19T23:13:30","date_gmt":"2023-08-19T21:13:30","guid":{"rendered":"https:\/\/wspomozycielka-lodz.pl\/?p=773"},"modified":"2023-08-19T23:13:30","modified_gmt":"2023-08-19T21:13:30","slug":"ogloszenia-parafialne-20-08-2023","status":"publish","type":"post","link":"https:\/\/wspomozycielka-lodz.pl\/?p=773","title":{"rendered":"OG\u0141OSZENIA PARAFIALNE (20.08.2023)"},"content":{"rendered":"\n<p>1. W sobot\u0119 \u015bwi\u0119towa\u0107 b\u0119dziemy uroczysto\u015b\u0107 NMP Cz\u0119stochowskiej.<\/p>\n\n\n\n<p>2. Dzi\u015b r\u00f3wnie\u017c po Mszach zbieramy ofiary na pomoc poszkodowanym w S\u0142owenii, kt\u00f3ra zmaga si\u0119 ze skutkami jednej z najwi\u0119kszych powodzi ostatnich dekad, w wyniku kt\u00f3rej pod wod\u0105 znalaz\u0142o si\u0119 dwie trzecie tego kraju.<\/p>\n\n\n\n<p>3. Z naszej wsp\u00f3lnoty parafialnej do wieczno\u015bci odszed\u0142: Stefan Sadkowski, lat 87. <em>Wieczny odpoczynek racz mu da\u0107, Panie<\/em>&#8230;<\/p>\n","protected":false},"excerpt":{"rendered":"<p>1. W sobot\u0119 \u015bwi\u0119towa\u0107 b\u0119dziemy uroczysto\u015b\u0107 NMP Cz\u0119stochowskiej. 2. Dzi\u015b r\u00f3wnie\u017c po Mszach zbieramy ofiary na pomoc poszkodowanym w S\u0142owenii, kt\u00f3ra zmaga si\u0119 ze skutkami jednej z najwi\u0119kszych powodzi ostatnich dekad, w wyniku kt\u00f3rej pod wod\u0105 znalaz\u0142o si\u0119 dwie trzecie tego kraju. 3. Z naszej wsp\u00f3lnoty parafialnej do wieczno\u015bci odszed\u0142: [&hellip;]<\/p>\n","protected":false},"author":2,"featured_media":619,"comment_status":"open","ping_status":"open","sticky":false,"template":"","format":"standard","meta":{"footnotes":""},"categories":[2],"tags":[],"class_list":["post-773","post","type-post","status-publish","format-standard","has-post-thumbnail","hentry","category-aktualnosci"],"_links":{"self":[{"href":"https:\/\/wspomozycielka-lodz.pl\/index.php?rest_route=\/wp\/v2\/posts\/773","targetHints":{"allow":["GET"]}}],"collection":[{"href":"https:\/\/wspomozycielka-lodz.pl\/index.php?rest_route=\/wp\/v2\/posts"}],"about":[{"href":"https:\/\/wspomozycielka-lodz.pl\/index.php?rest_route=\/wp\/v2\/types\/post"}],"author":[{"embeddable":true,"href":"https:\/\/wspomozycielka-lodz.pl\/index.php?rest_route=\/wp\/v2\/users\/2"}],"replies":[{"embeddable":true,"href":"https:\/\/wspomozycielka-lodz.pl\/index.php?rest_route=%2Fwp%2Fv2%2Fcomments&post=773"}],"version-history":[{"count":1,"href":"https:\/\/wspomozycielka-lodz.pl\/index.php?rest_route=\/wp\/v2\/posts\/773\/revisions"}],"predecessor-version":[{"id":774,"href":"https:\/\/wspomozycielka-lodz.pl\/index.php?rest_route=\/wp\/v2\/posts\/773\/revisions\/774"}],"wp:featuredmedia":[{"embeddable":true,"href":"https:\/\/wspomozycielka-lodz.pl\/index.php?rest_route=\/wp\/v2\/media\/619"}],"wp:attachment":[{"href":"https:\/\/wspomozycielka-lodz.pl\/index.php?rest_route=%2Fwp%2Fv2%2Fmedia&parent=773"}],"wp:term":[{"taxonomy":"category","embeddable":true,"href":"https:\/\/wspomozycielka-lodz.pl\/index.php?rest_route=%2Fwp%2Fv2%2Fcategories&post=773"},{"taxonomy":"post_tag","embeddable":true,"href":"https:\/\/wspomozycielka-lodz.pl\/index.php?rest_route=%2Fwp%2Fv2%2Ftags&post=773"}],"curies":[{"name":"wp","href":"https:\/\/api.w.org\/{rel}","templated":true}]}}