{"id":771,"date":"2023-08-14T22:16:40","date_gmt":"2023-08-14T20:16:40","guid":{"rendered":"https:\/\/wspomozycielka-lodz.pl\/?p=771"},"modified":"2023-08-14T22:16:40","modified_gmt":"2023-08-14T20:16:40","slug":"ogloszenia-parafialne-15-08-2023","status":"publish","type":"post","link":"https:\/\/wspomozycielka-lodz.pl\/?p=771","title":{"rendered":"OG\u0141OSZENIA PARAFIALNE (15.08.2023)"},"content":{"rendered":"\n<p>1. Nasz\u0105 wsp\u00f3lnot\u0119 salezja\u0144sk\u0105 opuszcza ks. Andrzej Kurto, kt\u00f3ry przez wiele lat pe\u0142ni\u0142 funkcje kierownika bursy, nauczyciela szkolnego i wiceprezesa Stowarzyszenia Lokalnego SALOS-Wodna oraz pomaga\u0142 w duszpasterstwie parafialnym. Dzi\u0119kujemy za jego pos\u0142ug\u0119 i \u017cyczymy Bo\u017cego b\u0142ogos\u0142awie\u0144stwa na dalsz\u0105 prac\u0119 w Warszawie w bursie dla m\u0142odzie\u017cy. <\/p>\n\n\n\n<p>2. Od kilku dni S\u0142owenia zmaga si\u0119 ze skutkami jednej z najwi\u0119kszych powodzi ostatnich dekad. Po wod\u0105 znalaz\u0142o si\u0119 dwie trzecie kraju, a straty szacowane s\u0105 na setki milion\u00f3w Euro. Maj\u0105c na uwadze rozmiar zniszcze\u0144 Przewodnicz\u0105cy KEP prosi, aby 15-ty sierpnia by\u0142 Dniem Og\u00f3lnopolskiej Solidarno\u015bci ze S\u0142oweni\u0105 i aby tego dnia podczas Mszy \u015bwi\u0119tych modli\u0107 si\u0119 w intencji poszkodowanych oraz zorganizowa\u0107 zbi\u00f3rk\u0119 do puszek. Zebrane \u015brodki Caritas A\u0141 przeka\u017ce poszkodowanym w S\u0142owenii.<\/p>\n","protected":false},"excerpt":{"rendered":"<p>1. Nasz\u0105 wsp\u00f3lnot\u0119 salezja\u0144sk\u0105 opuszcza ks. Andrzej Kurto, kt\u00f3ry przez wiele lat pe\u0142ni\u0142 funkcje kierownika bursy, nauczyciela szkolnego i wiceprezesa Stowarzyszenia Lokalnego SALOS-Wodna oraz pomaga\u0142 w duszpasterstwie parafialnym. Dzi\u0119kujemy za jego pos\u0142ug\u0119 i \u017cyczymy Bo\u017cego b\u0142ogos\u0142awie\u0144stwa na dalsz\u0105 prac\u0119 w Warszawie w bursie dla m\u0142odzie\u017cy. 2. Od kilku dni S\u0142owenia [&hellip;]<\/p>\n","protected":false},"author":2,"featured_media":619,"comment_status":"open","ping_status":"open","sticky":false,"template":"","format":"standard","meta":{"footnotes":""},"categories":[2],"tags":[],"class_list":["post-771","post","type-post","status-publish","format-standard","has-post-thumbnail","hentry","category-aktualnosci"],"_links":{"self":[{"href":"https:\/\/wspomozycielka-lodz.pl\/index.php?rest_route=\/wp\/v2\/posts\/771","targetHints":{"allow":["GET"]}}],"collection":[{"href":"https:\/\/wspomozycielka-lodz.pl\/index.php?rest_route=\/wp\/v2\/posts"}],"about":[{"href":"https:\/\/wspomozycielka-lodz.pl\/index.php?rest_route=\/wp\/v2\/types\/post"}],"author":[{"embeddable":true,"href":"https:\/\/wspomozycielka-lodz.pl\/index.php?rest_route=\/wp\/v2\/users\/2"}],"replies":[{"embeddable":true,"href":"https:\/\/wspomozycielka-lodz.pl\/index.php?rest_route=%2Fwp%2Fv2%2Fcomments&post=771"}],"version-history":[{"count":1,"href":"https:\/\/wspomozycielka-lodz.pl\/index.php?rest_route=\/wp\/v2\/posts\/771\/revisions"}],"predecessor-version":[{"id":772,"href":"https:\/\/wspomozycielka-lodz.pl\/index.php?rest_route=\/wp\/v2\/posts\/771\/revisions\/772"}],"wp:featuredmedia":[{"embeddable":true,"href":"https:\/\/wspomozycielka-lodz.pl\/index.php?rest_route=\/wp\/v2\/media\/619"}],"wp:attachment":[{"href":"https:\/\/wspomozycielka-lodz.pl\/index.php?rest_route=%2Fwp%2Fv2%2Fmedia&parent=771"}],"wp:term":[{"taxonomy":"category","embeddable":true,"href":"https:\/\/wspomozycielka-lodz.pl\/index.php?rest_route=%2Fwp%2Fv2%2Fcategories&post=771"},{"taxonomy":"post_tag","embeddable":true,"href":"https:\/\/wspomozycielka-lodz.pl\/index.php?rest_route=%2Fwp%2Fv2%2Ftags&post=771"}],"curies":[{"name":"wp","href":"https:\/\/api.w.org\/{rel}","templated":true}]}}