{"id":769,"date":"2023-08-12T09:26:32","date_gmt":"2023-08-12T07:26:32","guid":{"rendered":"https:\/\/wspomozycielka-lodz.pl\/?p=769"},"modified":"2023-08-12T09:26:32","modified_gmt":"2023-08-12T07:26:32","slug":"ogloszenia-parafialne-13-08-2023","status":"publish","type":"post","link":"https:\/\/wspomozycielka-lodz.pl\/?p=769","title":{"rendered":"OG\u0141OSZENIA PARAFIALNE (13.08.2023)"},"content":{"rendered":"\n<p>1. We wtorek \u015bwi\u0119towa\u0107 b\u0119dziemy uroczysto\u015b\u0107 Wniebowzi\u0119cia NMP. W tym dniu istnieje obowi\u0105zek uczestnictwa w Eucharystii. Msze \u015bwi\u0119te jak w niedziel\u0119. W polskiej tradycji to \u015bwi\u0119to zwane jest r\u00f3wnie\u017c \u015bwi\u0119tem Matki Bo\u017cej Zielnej. Podczas ka\u017cdej Mszy b\u0119dzie po\u015bwi\u0119cenie zi\u00f3\u0142 i kwiat\u00f3w.<\/p>\n\n\n\n<p>2. Z naszej wsp\u00f3lnoty parafialnej do wieczno\u015bci odesz\u0142y: Jolanta Molka, lat 71; Gra\u017cyna M\u0142odzieniec, lat 69. <em>Wieczny odpoczynek racz im da\u0107, Panie<\/em>&#8230;<\/p>\n","protected":false},"excerpt":{"rendered":"<p>1. We wtorek \u015bwi\u0119towa\u0107 b\u0119dziemy uroczysto\u015b\u0107 Wniebowzi\u0119cia NMP. W tym dniu istnieje obowi\u0105zek uczestnictwa w Eucharystii. Msze \u015bwi\u0119te jak w niedziel\u0119. W polskiej tradycji to \u015bwi\u0119to zwane jest r\u00f3wnie\u017c \u015bwi\u0119tem Matki Bo\u017cej Zielnej. Podczas ka\u017cdej Mszy b\u0119dzie po\u015bwi\u0119cenie zi\u00f3\u0142 i kwiat\u00f3w. 2. Z naszej wsp\u00f3lnoty parafialnej do wieczno\u015bci odesz\u0142y: Jolanta [&hellip;]<\/p>\n","protected":false},"author":2,"featured_media":619,"comment_status":"open","ping_status":"open","sticky":false,"template":"","format":"standard","meta":{"footnotes":""},"categories":[2],"tags":[],"class_list":["post-769","post","type-post","status-publish","format-standard","has-post-thumbnail","hentry","category-aktualnosci"],"_links":{"self":[{"href":"https:\/\/wspomozycielka-lodz.pl\/index.php?rest_route=\/wp\/v2\/posts\/769","targetHints":{"allow":["GET"]}}],"collection":[{"href":"https:\/\/wspomozycielka-lodz.pl\/index.php?rest_route=\/wp\/v2\/posts"}],"about":[{"href":"https:\/\/wspomozycielka-lodz.pl\/index.php?rest_route=\/wp\/v2\/types\/post"}],"author":[{"embeddable":true,"href":"https:\/\/wspomozycielka-lodz.pl\/index.php?rest_route=\/wp\/v2\/users\/2"}],"replies":[{"embeddable":true,"href":"https:\/\/wspomozycielka-lodz.pl\/index.php?rest_route=%2Fwp%2Fv2%2Fcomments&post=769"}],"version-history":[{"count":1,"href":"https:\/\/wspomozycielka-lodz.pl\/index.php?rest_route=\/wp\/v2\/posts\/769\/revisions"}],"predecessor-version":[{"id":770,"href":"https:\/\/wspomozycielka-lodz.pl\/index.php?rest_route=\/wp\/v2\/posts\/769\/revisions\/770"}],"wp:featuredmedia":[{"embeddable":true,"href":"https:\/\/wspomozycielka-lodz.pl\/index.php?rest_route=\/wp\/v2\/media\/619"}],"wp:attachment":[{"href":"https:\/\/wspomozycielka-lodz.pl\/index.php?rest_route=%2Fwp%2Fv2%2Fmedia&parent=769"}],"wp:term":[{"taxonomy":"category","embeddable":true,"href":"https:\/\/wspomozycielka-lodz.pl\/index.php?rest_route=%2Fwp%2Fv2%2Fcategories&post=769"},{"taxonomy":"post_tag","embeddable":true,"href":"https:\/\/wspomozycielka-lodz.pl\/index.php?rest_route=%2Fwp%2Fv2%2Ftags&post=769"}],"curies":[{"name":"wp","href":"https:\/\/api.w.org\/{rel}","templated":true}]}}