{"id":767,"date":"2023-08-06T20:15:56","date_gmt":"2023-08-06T18:15:56","guid":{"rendered":"https:\/\/wspomozycielka-lodz.pl\/?p=767"},"modified":"2023-08-06T20:15:56","modified_gmt":"2023-08-06T18:15:56","slug":"ogloszenia-parafialne-6-08-2023","status":"publish","type":"post","link":"https:\/\/wspomozycielka-lodz.pl\/?p=767","title":{"rendered":"OG\u0141OSZENIA PARAFIALNE (6.08.2023)"},"content":{"rendered":"\n<p>1. W dniach 21-26 sierpnia b\u0119dzie mia\u0142a miejsce 98 Piesza Pielgrzymka \u0141\u00f3dzka na Jasn\u0105 G\u00f3r\u0119. Zapisy odb\u0119d\u0105 si\u0119 w dniach 16-20 sierpnia w dolnym ko\u015bciele MB Zwyci\u0119skiej. Od 10-18 sierpnia b\u0119dzie mo\u017cliwo\u015b\u0107 zapisu w formie online. Na stoliku przy skarbonie mo\u017cna si\u0119 te\u017c wpisa\u0107 na list\u0119 duchowych pielgrzym\u00f3w, kt\u00f3rzy swoj\u0105 modlitw\u0105 towarzysz\u0105 pielgrzymce.<\/p>\n\n\n\n<p>2. W dniach 26 wrze\u015bnia \u2013 4 pa\u017adziernika odb\u0119dzie si\u0119 Pielgrzymka Archidiecezji \u0141\u00f3dzkiej do W\u0142och, w programie kt\u00f3rej jest uczestnictwo w konsystorzu z udzia\u0142em naszego Arcybiskupa. Zapisy na pielgrzymk\u0119 odbywaj\u0105 si\u0119 w kancelarii parafii \u015bw. Anny.<\/p>\n\n\n\n<p>3. Z naszej wsp\u00f3lnoty parafialnej do wieczno\u015bci odszed\u0142: Tomasz Ma\u0142olepszy, lat 65. <em>Wieczny odpoczynek racz mu da\u0107, Panie<\/em>&#8230;<\/p>\n","protected":false},"excerpt":{"rendered":"<p>1. W dniach 21-26 sierpnia b\u0119dzie mia\u0142a miejsce 98 Piesza Pielgrzymka \u0141\u00f3dzka na Jasn\u0105 G\u00f3r\u0119. Zapisy odb\u0119d\u0105 si\u0119 w dniach 16-20 sierpnia w dolnym ko\u015bciele MB Zwyci\u0119skiej. Od 10-18 sierpnia b\u0119dzie mo\u017cliwo\u015b\u0107 zapisu w formie online. Na stoliku przy skarbonie mo\u017cna si\u0119 te\u017c wpisa\u0107 na list\u0119 duchowych pielgrzym\u00f3w, kt\u00f3rzy swoj\u0105 [&hellip;]<\/p>\n","protected":false},"author":2,"featured_media":619,"comment_status":"open","ping_status":"open","sticky":false,"template":"","format":"standard","meta":{"footnotes":""},"categories":[2],"tags":[],"class_list":["post-767","post","type-post","status-publish","format-standard","has-post-thumbnail","hentry","category-aktualnosci"],"_links":{"self":[{"href":"https:\/\/wspomozycielka-lodz.pl\/index.php?rest_route=\/wp\/v2\/posts\/767","targetHints":{"allow":["GET"]}}],"collection":[{"href":"https:\/\/wspomozycielka-lodz.pl\/index.php?rest_route=\/wp\/v2\/posts"}],"about":[{"href":"https:\/\/wspomozycielka-lodz.pl\/index.php?rest_route=\/wp\/v2\/types\/post"}],"author":[{"embeddable":true,"href":"https:\/\/wspomozycielka-lodz.pl\/index.php?rest_route=\/wp\/v2\/users\/2"}],"replies":[{"embeddable":true,"href":"https:\/\/wspomozycielka-lodz.pl\/index.php?rest_route=%2Fwp%2Fv2%2Fcomments&post=767"}],"version-history":[{"count":1,"href":"https:\/\/wspomozycielka-lodz.pl\/index.php?rest_route=\/wp\/v2\/posts\/767\/revisions"}],"predecessor-version":[{"id":768,"href":"https:\/\/wspomozycielka-lodz.pl\/index.php?rest_route=\/wp\/v2\/posts\/767\/revisions\/768"}],"wp:featuredmedia":[{"embeddable":true,"href":"https:\/\/wspomozycielka-lodz.pl\/index.php?rest_route=\/wp\/v2\/media\/619"}],"wp:attachment":[{"href":"https:\/\/wspomozycielka-lodz.pl\/index.php?rest_route=%2Fwp%2Fv2%2Fmedia&parent=767"}],"wp:term":[{"taxonomy":"category","embeddable":true,"href":"https:\/\/wspomozycielka-lodz.pl\/index.php?rest_route=%2Fwp%2Fv2%2Fcategories&post=767"},{"taxonomy":"post_tag","embeddable":true,"href":"https:\/\/wspomozycielka-lodz.pl\/index.php?rest_route=%2Fwp%2Fv2%2Ftags&post=767"}],"curies":[{"name":"wp","href":"https:\/\/api.w.org\/{rel}","templated":true}]}}