{"id":765,"date":"2023-08-01T11:58:23","date_gmt":"2023-08-01T09:58:23","guid":{"rendered":"https:\/\/wspomozycielka-lodz.pl\/?p=765"},"modified":"2023-08-01T11:58:24","modified_gmt":"2023-08-01T09:58:24","slug":"ogloszenia-parafialne-30-07-2023","status":"publish","type":"post","link":"https:\/\/wspomozycielka-lodz.pl\/?p=765","title":{"rendered":"OG\u0141OSZENIA PARAFIALNE (30.07.2023)"},"content":{"rendered":"\n<p>1. We wtorek rozpoczyna si\u0119 miesi\u0105c modlitw o trze\u017awo\u015b\u0107 narodu, w kt\u00f3rym zach\u0119ca si\u0119 do podj\u0119cia dobrowolnej abstynencji w intencji os\u00f3b uzale\u017cnionych od alkoholu.<\/p>\n\n\n\n<p>2. We wtorek te\u017c na Mszy wieczornej b\u0119dziemy si\u0119 modli\u0107 za zmar\u0142ych polecanych w wypominkach.<\/p>\n\n\n\n<p>3. W \u015brod\u0119 mo\u017cna uzyska\u0107 odpust zupe\u0142ny, tzw. odpust Porcjunkuli, we wspomnienie Naj\u015bwi\u0119tszej Maryi Panny, Kr\u00f3lowej Anio\u0142\u00f3w, pod zwyk\u0142ymi warunkami: pobo\u017cne nawiedzenie ko\u015bcio\u0142a, odm\u00f3wienie w nim Modlitwy Pa\u0144skiej i wyznania wiary, sakramentalna spowied\u017a i Komunia \u015bw., modlitwa w intencjach Ojca \u015awi\u0119tego, wykluczenie przywi\u0105zania do jakiegokolwiek grzechu.<\/p>\n\n\n\n<p>4. W \u015brod\u0119 te\u017c na Mszy wieczornej b\u0119dziemy si\u0119 modli\u0107 za Dobrodziej\u00f3w naszej parafii i ca\u0142ego dzie\u0142a salezja\u0144skiego na Wodnej.<\/p>\n\n\n\n<p>5. W czwartek na Mszy wieczornej b\u0119dziemy si\u0119 modli\u0107 za kap\u0142an\u00f3w i osoby konsekrowane oraz o nowe powo\u0142ania kap\u0142a\u0144skie, zakonne i misyjne. <\/p>\n\n\n\n<p>6. Dzi\u015b przeprowadzana jest zbi\u00f3rka ofiar na dzie\u0142a Caritas Archidiecezji \u0141\u00f3dzkiej. Dzi\u015b te\u017c mo\u017cna z\u0142o\u017cy\u0107 ofiar\u0119 do puszki na Radio Maryja.<\/p>\n","protected":false},"excerpt":{"rendered":"<p>1. We wtorek rozpoczyna si\u0119 miesi\u0105c modlitw o trze\u017awo\u015b\u0107 narodu, w kt\u00f3rym zach\u0119ca si\u0119 do podj\u0119cia dobrowolnej abstynencji w intencji os\u00f3b uzale\u017cnionych od alkoholu. 2. We wtorek te\u017c na Mszy wieczornej b\u0119dziemy si\u0119 modli\u0107 za zmar\u0142ych polecanych w wypominkach. 3. W \u015brod\u0119 mo\u017cna uzyska\u0107 odpust zupe\u0142ny, tzw. odpust Porcjunkuli, we [&hellip;]<\/p>\n","protected":false},"author":2,"featured_media":619,"comment_status":"open","ping_status":"open","sticky":false,"template":"","format":"standard","meta":{"footnotes":""},"categories":[2],"tags":[],"class_list":["post-765","post","type-post","status-publish","format-standard","has-post-thumbnail","hentry","category-aktualnosci"],"_links":{"self":[{"href":"https:\/\/wspomozycielka-lodz.pl\/index.php?rest_route=\/wp\/v2\/posts\/765","targetHints":{"allow":["GET"]}}],"collection":[{"href":"https:\/\/wspomozycielka-lodz.pl\/index.php?rest_route=\/wp\/v2\/posts"}],"about":[{"href":"https:\/\/wspomozycielka-lodz.pl\/index.php?rest_route=\/wp\/v2\/types\/post"}],"author":[{"embeddable":true,"href":"https:\/\/wspomozycielka-lodz.pl\/index.php?rest_route=\/wp\/v2\/users\/2"}],"replies":[{"embeddable":true,"href":"https:\/\/wspomozycielka-lodz.pl\/index.php?rest_route=%2Fwp%2Fv2%2Fcomments&post=765"}],"version-history":[{"count":1,"href":"https:\/\/wspomozycielka-lodz.pl\/index.php?rest_route=\/wp\/v2\/posts\/765\/revisions"}],"predecessor-version":[{"id":766,"href":"https:\/\/wspomozycielka-lodz.pl\/index.php?rest_route=\/wp\/v2\/posts\/765\/revisions\/766"}],"wp:featuredmedia":[{"embeddable":true,"href":"https:\/\/wspomozycielka-lodz.pl\/index.php?rest_route=\/wp\/v2\/media\/619"}],"wp:attachment":[{"href":"https:\/\/wspomozycielka-lodz.pl\/index.php?rest_route=%2Fwp%2Fv2%2Fmedia&parent=765"}],"wp:term":[{"taxonomy":"category","embeddable":true,"href":"https:\/\/wspomozycielka-lodz.pl\/index.php?rest_route=%2Fwp%2Fv2%2Fcategories&post=765"},{"taxonomy":"post_tag","embeddable":true,"href":"https:\/\/wspomozycielka-lodz.pl\/index.php?rest_route=%2Fwp%2Fv2%2Ftags&post=765"}],"curies":[{"name":"wp","href":"https:\/\/api.w.org\/{rel}","templated":true}]}}