{"id":759,"date":"2023-07-22T23:38:17","date_gmt":"2023-07-22T21:38:17","guid":{"rendered":"https:\/\/wspomozycielka-lodz.pl\/?p=759"},"modified":"2023-07-22T23:38:18","modified_gmt":"2023-07-22T21:38:18","slug":"ogloszenia-parafialne-23-07-2023","status":"publish","type":"post","link":"https:\/\/wspomozycielka-lodz.pl\/?p=759","title":{"rendered":"OG\u0141OSZENIA PARAFIALNE (23.07.2023)"},"content":{"rendered":"\n<p>1. We wtorek, we wspomnienie \u015bw. Krzysztofa, patrona kierowc\u00f3w, po Mszy wieczornej pob\u0142ogos\u0142awimy pojazdy mechaniczne i b\u0119dziemy si\u0119 modli\u0107 o ich roztropne wykorzystywanie.&nbsp; Pojazdy prosimy ustawi\u0107 wzd\u0142u\u017c ul. Wodnej.<\/p>\n\n\n\n<p>2. Caritas Archidiecezji \u0141\u00f3dzkiej zaprasza do udzia\u0142u w kolejnej edycji akcji \u201eTornister pe\u0142en u\u015bmiech\u00f3w\u201d. Celem akcji jest skompletowanie i przekazanie wyprawek szkolnych najbardziej potrzebuj\u0105cym dzieciom z terenu archidiecezji \u0142\u00f3dzkiej. Najpotrzebniejsze artyku\u0142y szkolne to: zeszyty, o\u0142\u00f3wki, d\u0142ugopisy, linijki, cyrkiel, kredki, kolorowy i bia\u0142y papier, markery, ta\u015bma klej\u0105ca, klej, pi\u00f3rniki, ok\u0142adki na zeszyty. Przy du\u017cej skarbonie s\u0105 papierowe torby, kt\u00f3re mo\u017cemy wzi\u0105\u0107 dla zakupienia artyku\u0142\u00f3w szkolnych, kt\u00f3re nale\u017cy przynie\u015b\u0107 do parafii najp\u00f3\u017aniej do niedzieli 27 sierpnia. <\/p>\n\n\n\n<p>3. Z naszej wsp\u00f3lnoty parafialnej do wieczno\u015bci odesz\u0142a: Jadwiga Gogolczyk, lat 85. <em>Wieczny odpoczynek racz jej da\u0107, Panie<\/em>&#8230;<\/p>\n","protected":false},"excerpt":{"rendered":"<p>1. We wtorek, we wspomnienie \u015bw. Krzysztofa, patrona kierowc\u00f3w, po Mszy wieczornej pob\u0142ogos\u0142awimy pojazdy mechaniczne i b\u0119dziemy si\u0119 modli\u0107 o ich roztropne wykorzystywanie.&nbsp; Pojazdy prosimy ustawi\u0107 wzd\u0142u\u017c ul. Wodnej. 2. Caritas Archidiecezji \u0141\u00f3dzkiej zaprasza do udzia\u0142u w kolejnej edycji akcji \u201eTornister pe\u0142en u\u015bmiech\u00f3w\u201d. Celem akcji jest skompletowanie i przekazanie wyprawek [&hellip;]<\/p>\n","protected":false},"author":2,"featured_media":619,"comment_status":"open","ping_status":"open","sticky":false,"template":"","format":"standard","meta":{"footnotes":""},"categories":[2],"tags":[],"class_list":["post-759","post","type-post","status-publish","format-standard","has-post-thumbnail","hentry","category-aktualnosci"],"_links":{"self":[{"href":"https:\/\/wspomozycielka-lodz.pl\/index.php?rest_route=\/wp\/v2\/posts\/759","targetHints":{"allow":["GET"]}}],"collection":[{"href":"https:\/\/wspomozycielka-lodz.pl\/index.php?rest_route=\/wp\/v2\/posts"}],"about":[{"href":"https:\/\/wspomozycielka-lodz.pl\/index.php?rest_route=\/wp\/v2\/types\/post"}],"author":[{"embeddable":true,"href":"https:\/\/wspomozycielka-lodz.pl\/index.php?rest_route=\/wp\/v2\/users\/2"}],"replies":[{"embeddable":true,"href":"https:\/\/wspomozycielka-lodz.pl\/index.php?rest_route=%2Fwp%2Fv2%2Fcomments&post=759"}],"version-history":[{"count":1,"href":"https:\/\/wspomozycielka-lodz.pl\/index.php?rest_route=\/wp\/v2\/posts\/759\/revisions"}],"predecessor-version":[{"id":760,"href":"https:\/\/wspomozycielka-lodz.pl\/index.php?rest_route=\/wp\/v2\/posts\/759\/revisions\/760"}],"wp:featuredmedia":[{"embeddable":true,"href":"https:\/\/wspomozycielka-lodz.pl\/index.php?rest_route=\/wp\/v2\/media\/619"}],"wp:attachment":[{"href":"https:\/\/wspomozycielka-lodz.pl\/index.php?rest_route=%2Fwp%2Fv2%2Fmedia&parent=759"}],"wp:term":[{"taxonomy":"category","embeddable":true,"href":"https:\/\/wspomozycielka-lodz.pl\/index.php?rest_route=%2Fwp%2Fv2%2Fcategories&post=759"},{"taxonomy":"post_tag","embeddable":true,"href":"https:\/\/wspomozycielka-lodz.pl\/index.php?rest_route=%2Fwp%2Fv2%2Ftags&post=759"}],"curies":[{"name":"wp","href":"https:\/\/api.w.org\/{rel}","templated":true}]}}