{"id":751,"date":"2023-06-27T11:51:58","date_gmt":"2023-06-27T09:51:58","guid":{"rendered":"https:\/\/wspomozycielka-lodz.pl\/?p=751"},"modified":"2023-06-27T11:51:59","modified_gmt":"2023-06-27T09:51:59","slug":"ogloszenia-parafialne-25-06-2023","status":"publish","type":"post","link":"https:\/\/wspomozycielka-lodz.pl\/?p=751","title":{"rendered":"OG\u0141OSZENIA PARAFIALNE (25.06.2023)"},"content":{"rendered":"\n<p>1. Nabo\u017ce\u0144stwa czerwcowe o godz. 17.30.<\/p>\n\n\n\n<p>2. W czwartek obchodzi\u0107 b\u0119dziemy uroczysto\u015b\u0107 \u015bwi\u0119tych aposto\u0142\u00f3w Piotra i Paw\u0142a. Na Mszy wieczornej b\u0119dziemy si\u0119 modli\u0107 za solenizant\u00f3w: ks. Paw\u0142a Szczepa\u0144skiego, ks. Piotra Boczul\u0119 i ks. Piotra Szlufika.<\/p>\n\n\n\n<p>3. Rozpocz\u0105\u0142 si\u0119 okres wakacyjny, dlatego<strong> kancelaria parafialna b\u0119dzie czynna tylko we wtorki i czwartki<\/strong>. W pilnych sprawach prosz\u0119 si\u0119 kontaktowa\u0107 telefonicznie lub przez portierni\u0119 domu zakonnego. W czasie wakacyjnym nie b\u0119dzie te\u017c spotka\u0144 grup parafialnych, nowenny do Wspomo\u017cycielki oraz czwartkowych adoracji. Powr\u00f3cimy do wszystkiego od wrze\u015bnia.<\/p>\n\n\n\n<p>4. Dzi\u015b mo\u017cna z\u0142o\u017cy\u0107 ofiar\u0119 do puszki na Radio Maryja.<\/p>\n\n\n\n<p>5. Z naszej wsp\u00f3lnoty parafialnej do wieczno\u015bci odesz\u0142a: Barbara S\u0142awi\u0144ska, lat 82. <em>Wieczny odpoczynek racz jej da\u0107, Panie<\/em>&#8230;<\/p>\n","protected":false},"excerpt":{"rendered":"<p>1. Nabo\u017ce\u0144stwa czerwcowe o godz. 17.30. 2. W czwartek obchodzi\u0107 b\u0119dziemy uroczysto\u015b\u0107 \u015bwi\u0119tych aposto\u0142\u00f3w Piotra i Paw\u0142a. Na Mszy wieczornej b\u0119dziemy si\u0119 modli\u0107 za solenizant\u00f3w: ks. Paw\u0142a Szczepa\u0144skiego, ks. Piotra Boczul\u0119 i ks. Piotra Szlufika. 3. Rozpocz\u0105\u0142 si\u0119 okres wakacyjny, dlatego kancelaria parafialna b\u0119dzie czynna tylko we wtorki i czwartki. [&hellip;]<\/p>\n","protected":false},"author":2,"featured_media":619,"comment_status":"open","ping_status":"open","sticky":false,"template":"","format":"standard","meta":{"footnotes":""},"categories":[2],"tags":[],"class_list":["post-751","post","type-post","status-publish","format-standard","has-post-thumbnail","hentry","category-aktualnosci"],"_links":{"self":[{"href":"https:\/\/wspomozycielka-lodz.pl\/index.php?rest_route=\/wp\/v2\/posts\/751","targetHints":{"allow":["GET"]}}],"collection":[{"href":"https:\/\/wspomozycielka-lodz.pl\/index.php?rest_route=\/wp\/v2\/posts"}],"about":[{"href":"https:\/\/wspomozycielka-lodz.pl\/index.php?rest_route=\/wp\/v2\/types\/post"}],"author":[{"embeddable":true,"href":"https:\/\/wspomozycielka-lodz.pl\/index.php?rest_route=\/wp\/v2\/users\/2"}],"replies":[{"embeddable":true,"href":"https:\/\/wspomozycielka-lodz.pl\/index.php?rest_route=%2Fwp%2Fv2%2Fcomments&post=751"}],"version-history":[{"count":1,"href":"https:\/\/wspomozycielka-lodz.pl\/index.php?rest_route=\/wp\/v2\/posts\/751\/revisions"}],"predecessor-version":[{"id":752,"href":"https:\/\/wspomozycielka-lodz.pl\/index.php?rest_route=\/wp\/v2\/posts\/751\/revisions\/752"}],"wp:featuredmedia":[{"embeddable":true,"href":"https:\/\/wspomozycielka-lodz.pl\/index.php?rest_route=\/wp\/v2\/media\/619"}],"wp:attachment":[{"href":"https:\/\/wspomozycielka-lodz.pl\/index.php?rest_route=%2Fwp%2Fv2%2Fmedia&parent=751"}],"wp:term":[{"taxonomy":"category","embeddable":true,"href":"https:\/\/wspomozycielka-lodz.pl\/index.php?rest_route=%2Fwp%2Fv2%2Fcategories&post=751"},{"taxonomy":"post_tag","embeddable":true,"href":"https:\/\/wspomozycielka-lodz.pl\/index.php?rest_route=%2Fwp%2Fv2%2Ftags&post=751"}],"curies":[{"name":"wp","href":"https:\/\/api.w.org\/{rel}","templated":true}]}}