{"id":749,"date":"2023-06-17T14:31:56","date_gmt":"2023-06-17T12:31:56","guid":{"rendered":"https:\/\/wspomozycielka-lodz.pl\/?p=749"},"modified":"2023-06-17T14:31:56","modified_gmt":"2023-06-17T12:31:56","slug":"ogloszenia-parafialne-18-06-2023","status":"publish","type":"post","link":"https:\/\/wspomozycielka-lodz.pl\/?p=749","title":{"rendered":"OG\u0141OSZENIA PARAFIALNE (18.06.2023)"},"content":{"rendered":"\n<p>1. Nabo\u017ce\u0144stwa czerwcowe z nowenn\u0105 do Maryi Wspomo\u017cycielki o godz. 17.15.<\/p>\n\n\n\n<p>2. We wtorek po Mszy wieczornej spotkanie z rozwa\u017caniem S\u0142owa Bo\u017cego.<\/p>\n\n\n\n<p>3. W czwartek po Mszy wieczornej adoracja Naj\u015bwi\u0119tszego Sakramentu.<\/p>\n\n\n\n<p>4. W sobot\u0119 obchodzi\u0107 b\u0119dziemy uroczysto\u015b\u0107 Narodzenia \u015bw. Jana Chrzciciela. O godz. 17.00 ho\u0142d ku czci Maryi Wspomo\u017cycielki wraz z nabo\u017ce\u0144stwem czerwcowym. Po Mszy wieczornej spotkanie Sodalicji Maria\u0144skiej.<\/p>\n\n\n\n<p>5. W ostatnim czasie zosta\u0142a pomalowana zakrystia i pomieszczenie ministranckie.<\/p>\n\n\n\n<p>6. Dzi\u015b mo\u017cna z\u0142o\u017cy\u0107 ofiar\u0119 na wsparcie wydarze\u0144 wakacyjnych organizowanych przez nasze Oratorium dla dzieci i m\u0142odzie\u017cy. S\u0105 jeszcze wolne miejsca na p\u00f3\u0142kolonie w dniach 26-30 czerwca oraz 3-7 lipca. Zapraszamy dzieci i m\u0142odzie\u017c tak\u017ce na kolonie 5-12 sierpnia w G\u00f3rach \u015awi\u0119tokrzyskich. Szczeg\u00f3\u0142owe informacje i zapisy u ks. Piotra oraz w biurze Oratorium. <\/p>\n\n\n\n<p>7. Z naszej wsp\u00f3lnoty parafialnej do wieczno\u015bci odeszli: Gra\u017cyna Bie\u0144, lat 64; Grzegorz Kolad, lat 61. <em>Wieczny odpoczynek racz im da\u0107, Panie<\/em>&#8230;<\/p>\n","protected":false},"excerpt":{"rendered":"<p>1. Nabo\u017ce\u0144stwa czerwcowe z nowenn\u0105 do Maryi Wspomo\u017cycielki o godz. 17.15. 2. We wtorek po Mszy wieczornej spotkanie z rozwa\u017caniem S\u0142owa Bo\u017cego. 3. W czwartek po Mszy wieczornej adoracja Naj\u015bwi\u0119tszego Sakramentu. 4. W sobot\u0119 obchodzi\u0107 b\u0119dziemy uroczysto\u015b\u0107 Narodzenia \u015bw. Jana Chrzciciela. O godz. 17.00 ho\u0142d ku czci Maryi Wspomo\u017cycielki wraz [&hellip;]<\/p>\n","protected":false},"author":2,"featured_media":619,"comment_status":"open","ping_status":"open","sticky":false,"template":"","format":"standard","meta":{"footnotes":""},"categories":[2],"tags":[],"class_list":["post-749","post","type-post","status-publish","format-standard","has-post-thumbnail","hentry","category-aktualnosci"],"_links":{"self":[{"href":"https:\/\/wspomozycielka-lodz.pl\/index.php?rest_route=\/wp\/v2\/posts\/749","targetHints":{"allow":["GET"]}}],"collection":[{"href":"https:\/\/wspomozycielka-lodz.pl\/index.php?rest_route=\/wp\/v2\/posts"}],"about":[{"href":"https:\/\/wspomozycielka-lodz.pl\/index.php?rest_route=\/wp\/v2\/types\/post"}],"author":[{"embeddable":true,"href":"https:\/\/wspomozycielka-lodz.pl\/index.php?rest_route=\/wp\/v2\/users\/2"}],"replies":[{"embeddable":true,"href":"https:\/\/wspomozycielka-lodz.pl\/index.php?rest_route=%2Fwp%2Fv2%2Fcomments&post=749"}],"version-history":[{"count":1,"href":"https:\/\/wspomozycielka-lodz.pl\/index.php?rest_route=\/wp\/v2\/posts\/749\/revisions"}],"predecessor-version":[{"id":750,"href":"https:\/\/wspomozycielka-lodz.pl\/index.php?rest_route=\/wp\/v2\/posts\/749\/revisions\/750"}],"wp:featuredmedia":[{"embeddable":true,"href":"https:\/\/wspomozycielka-lodz.pl\/index.php?rest_route=\/wp\/v2\/media\/619"}],"wp:attachment":[{"href":"https:\/\/wspomozycielka-lodz.pl\/index.php?rest_route=%2Fwp%2Fv2%2Fmedia&parent=749"}],"wp:term":[{"taxonomy":"category","embeddable":true,"href":"https:\/\/wspomozycielka-lodz.pl\/index.php?rest_route=%2Fwp%2Fv2%2Fcategories&post=749"},{"taxonomy":"post_tag","embeddable":true,"href":"https:\/\/wspomozycielka-lodz.pl\/index.php?rest_route=%2Fwp%2Fv2%2Ftags&post=749"}],"curies":[{"name":"wp","href":"https:\/\/api.w.org\/{rel}","templated":true}]}}