{"id":747,"date":"2023-06-13T22:11:09","date_gmt":"2023-06-13T20:11:09","guid":{"rendered":"https:\/\/wspomozycielka-lodz.pl\/?p=747"},"modified":"2023-06-13T22:11:10","modified_gmt":"2023-06-13T20:11:10","slug":"ogloszenia-parafialne-11-06-2023","status":"publish","type":"post","link":"https:\/\/wspomozycielka-lodz.pl\/?p=747","title":{"rendered":"OG\u0141OSZENIA PARAFIALNE (11.06.2023)"},"content":{"rendered":"\n<p>1. Zapraszamy na nabo\u017ce\u0144stwa czerwcowe do \u015brody o godz. 17.30, a od czwartku o godz. 17.15 po\u0142\u0105czone z nowenn\u0105 do Maryi Wspomo\u017cycielki.<\/p>\n\n\n\n<p>2. We wtorek po Mszy wieczornej spotkanie z rozwa\u017caniem S\u0142owa Bo\u017cego.<\/p>\n\n\n\n<p>3. W czwartek po Mszy wieczornej adoracja Naj\u015bwi\u0119tszego Sakramentu.<\/p>\n\n\n\n<p>4. W pi\u0105tek obchodzi\u0107 b\u0119dziemy uroczysto\u015b\u0107 Naj\u015bwi\u0119tszego Serca Pana Jezusa. Ze wzgl\u0119du na uroczysto\u015b\u0107 nie obowi\u0105zuje nas w tym dniu wstrzemi\u0119\u017aliwo\u015b\u0107 od pokarm\u00f3w mi\u0119snych. Przed Msz\u0105 wieczorn\u0105 adoracja i nabo\u017ce\u0144stwo ku czci Serca Jezusowego od godz. 17.00.<\/p>\n\n\n\n<p>5. W sobot\u0119 prze\u017cywa\u0107 b\u0119dziemy Dzie\u0144 Wsp\u00f3lnoty Archidiecezji \u0141\u00f3dzkiej, kt\u00f3ry rozpocznie si\u0119 o godz. 10.00 w archikatedrze. Ksi\u0105dz Arcybiskup zaprasza wiernych oraz wszystkie wsp\u00f3lnoty, ruchy, stowarzyszenia i grupy z ka\u017cdej parafii wraz ze swoimi opiekunami do wsp\u00f3lnego \u015bwi\u0119towania. Szczeg\u00f3\u0142y Dnia Wsp\u00f3lnoty mo\u017cna znale\u017a\u0107 w gablocie i na stronie internetowej. <\/p>\n\n\n\n<p>6. W przysz\u0142\u0105 niedziel\u0119 Mszy o godz. 10.00 b\u0119dzie przewodniczy\u0142 neoprezbiter ks. Jacek Banasiuk, kt\u00f3ry odbywa\u0142 u nas swoj\u0105 praktyk\u0119 diako\u0144sk\u0105.<\/p>\n","protected":false},"excerpt":{"rendered":"<p>1. Zapraszamy na nabo\u017ce\u0144stwa czerwcowe do \u015brody o godz. 17.30, a od czwartku o godz. 17.15 po\u0142\u0105czone z nowenn\u0105 do Maryi Wspomo\u017cycielki. 2. We wtorek po Mszy wieczornej spotkanie z rozwa\u017caniem S\u0142owa Bo\u017cego. 3. W czwartek po Mszy wieczornej adoracja Naj\u015bwi\u0119tszego Sakramentu. 4. W pi\u0105tek obchodzi\u0107 b\u0119dziemy uroczysto\u015b\u0107 Naj\u015bwi\u0119tszego Serca [&hellip;]<\/p>\n","protected":false},"author":2,"featured_media":619,"comment_status":"open","ping_status":"open","sticky":false,"template":"","format":"standard","meta":{"footnotes":""},"categories":[2],"tags":[],"class_list":["post-747","post","type-post","status-publish","format-standard","has-post-thumbnail","hentry","category-aktualnosci"],"_links":{"self":[{"href":"https:\/\/wspomozycielka-lodz.pl\/index.php?rest_route=\/wp\/v2\/posts\/747","targetHints":{"allow":["GET"]}}],"collection":[{"href":"https:\/\/wspomozycielka-lodz.pl\/index.php?rest_route=\/wp\/v2\/posts"}],"about":[{"href":"https:\/\/wspomozycielka-lodz.pl\/index.php?rest_route=\/wp\/v2\/types\/post"}],"author":[{"embeddable":true,"href":"https:\/\/wspomozycielka-lodz.pl\/index.php?rest_route=\/wp\/v2\/users\/2"}],"replies":[{"embeddable":true,"href":"https:\/\/wspomozycielka-lodz.pl\/index.php?rest_route=%2Fwp%2Fv2%2Fcomments&post=747"}],"version-history":[{"count":1,"href":"https:\/\/wspomozycielka-lodz.pl\/index.php?rest_route=\/wp\/v2\/posts\/747\/revisions"}],"predecessor-version":[{"id":748,"href":"https:\/\/wspomozycielka-lodz.pl\/index.php?rest_route=\/wp\/v2\/posts\/747\/revisions\/748"}],"wp:featuredmedia":[{"embeddable":true,"href":"https:\/\/wspomozycielka-lodz.pl\/index.php?rest_route=\/wp\/v2\/media\/619"}],"wp:attachment":[{"href":"https:\/\/wspomozycielka-lodz.pl\/index.php?rest_route=%2Fwp%2Fv2%2Fmedia&parent=747"}],"wp:term":[{"taxonomy":"category","embeddable":true,"href":"https:\/\/wspomozycielka-lodz.pl\/index.php?rest_route=%2Fwp%2Fv2%2Fcategories&post=747"},{"taxonomy":"post_tag","embeddable":true,"href":"https:\/\/wspomozycielka-lodz.pl\/index.php?rest_route=%2Fwp%2Fv2%2Ftags&post=747"}],"curies":[{"name":"wp","href":"https:\/\/api.w.org\/{rel}","templated":true}]}}