{"id":740,"date":"2023-05-20T15:01:28","date_gmt":"2023-05-20T13:01:28","guid":{"rendered":"https:\/\/wspomozycielka-lodz.pl\/?p=740"},"modified":"2023-05-20T15:01:30","modified_gmt":"2023-05-20T13:01:30","slug":"ogloszenia-parafialne-21-05-2023","status":"publish","type":"post","link":"https:\/\/wspomozycielka-lodz.pl\/?p=740","title":{"rendered":"OG\u0141OSZENIA PARAFIALNE (21.05.2023)"},"content":{"rendered":"\n<p>1. Nabo\u017ce\u0144stwo majowe z nowenn\u0105 do Maryi Wspomo\u017cycielki i przed Zes\u0142aniem Ducha \u015awi\u0119tego o godz. 17.15.<\/p>\n\n\n\n<p>2. Zapraszamy dzieci pierwszokomunijne w tzw. bia\u0142ym tygodniu na Msze \u015bw. o godz. 18.00.<\/p>\n\n\n\n<p>3. We wtorek po Mszy wieczornej spotkanie z rozwa\u017caniem S\u0142owa Bo\u017cego.<\/p>\n\n\n\n<p>4. W \u015brod\u0119 prze\u017cywa\u0107 b\u0119dziemy uroczysto\u015b\u0107 odpustow\u0105 Naj\u015bwi\u0119tszej Maryi Panny Wspomo\u017cenia Wiernych. O godz. 17.00 ho\u0142d ku czci Maryi Wspomo\u017cycielki z nabo\u017ce\u0144stwem majowym i nowenn\u0105 przed Zes\u0142aniem Ducha \u015awi\u0119tego. Uroczysta Msza \u015bw. odpustowa o godz. 18.00. Zapraszamy te\u017c szczeg\u00f3lnie dzieci pierwszokomunijne i rocznicowe z rodzinami.<\/p>\n\n\n\n<p>5. W czwartek po Mszy wieczornej adoracja Naj\u015bwi\u0119tszego Sakramentu.<\/p>\n\n\n\n<p>6. W pi\u0105tek na Mszy wieczornej b\u0119dziemy si\u0119 modli\u0107 za wszystkie mamy w dniu ich \u015bwi\u0119ta.<\/p>\n\n\n\n<p>7. Przypominamy, \u017ce w niedziel\u0119 4 czerwca b\u0119dzie Salezja\u0144ski Festyn Rodzinny, kt\u00f3ry rozpocznie si\u0119 Msz\u0105 \u015bw. o godz. 11.30.<\/p>\n\n\n\n<p>8. Wszystkich ch\u0119tnych ch\u0142opc\u00f3w od II klasy szko\u0142y podstawowej, m\u0142odzie\u017c m\u0119sk\u0105 oraz pan\u00f3w zapraszamy do w\u0142\u0105czenia si\u0119 w s\u0142u\u017cb\u0119 liturgiczn\u0105 naszej parafii. Informacje u ks. Piotra.<\/p>\n\n\n\n<p>9. Ch\u0119tnych do uczestnictwa w uroczysto\u015bci beatyfikacyjnej Rodziny Ulm\u00f3w, kt\u00f3ra odb\u0119dzie si\u0119 w niedziel\u0119 10 wrze\u015bnia br. o godz. 10.00 w Markowej k. \u0141a\u0144cuta (wojew\u00f3dztwo podkarpackie), prosimy o zg\u0142oszenie si\u0119 do zakrystii do wtorku 30 maja.<\/p>\n\n\n\n<p>10. Dzi\u015b po Mszach jest zbiorka do puszek na kolonie dla dzieci organizowane przez Caritas \u0141\u00f3dzk\u0105. <\/p>\n\n\n\n<p>11. Z naszej wsp\u00f3lnoty parafialnej do wieczno\u015bci odszed\u0142: J\u00f3zef Skrobiranda, lat 96. <em>Wieczny odpoczynek racz mu da\u0107, Panie<\/em>&#8230;<\/p>\n","protected":false},"excerpt":{"rendered":"<p>1. Nabo\u017ce\u0144stwo majowe z nowenn\u0105 do Maryi Wspomo\u017cycielki i przed Zes\u0142aniem Ducha \u015awi\u0119tego o godz. 17.15. 2. Zapraszamy dzieci pierwszokomunijne w tzw. bia\u0142ym tygodniu na Msze \u015bw. o godz. 18.00. 3. We wtorek po Mszy wieczornej spotkanie z rozwa\u017caniem S\u0142owa Bo\u017cego. 4. W \u015brod\u0119 prze\u017cywa\u0107 b\u0119dziemy uroczysto\u015b\u0107 odpustow\u0105 Naj\u015bwi\u0119tszej Maryi [&hellip;]<\/p>\n","protected":false},"author":2,"featured_media":619,"comment_status":"open","ping_status":"open","sticky":false,"template":"","format":"standard","meta":{"footnotes":""},"categories":[2],"tags":[],"class_list":["post-740","post","type-post","status-publish","format-standard","has-post-thumbnail","hentry","category-aktualnosci"],"_links":{"self":[{"href":"https:\/\/wspomozycielka-lodz.pl\/index.php?rest_route=\/wp\/v2\/posts\/740","targetHints":{"allow":["GET"]}}],"collection":[{"href":"https:\/\/wspomozycielka-lodz.pl\/index.php?rest_route=\/wp\/v2\/posts"}],"about":[{"href":"https:\/\/wspomozycielka-lodz.pl\/index.php?rest_route=\/wp\/v2\/types\/post"}],"author":[{"embeddable":true,"href":"https:\/\/wspomozycielka-lodz.pl\/index.php?rest_route=\/wp\/v2\/users\/2"}],"replies":[{"embeddable":true,"href":"https:\/\/wspomozycielka-lodz.pl\/index.php?rest_route=%2Fwp%2Fv2%2Fcomments&post=740"}],"version-history":[{"count":1,"href":"https:\/\/wspomozycielka-lodz.pl\/index.php?rest_route=\/wp\/v2\/posts\/740\/revisions"}],"predecessor-version":[{"id":741,"href":"https:\/\/wspomozycielka-lodz.pl\/index.php?rest_route=\/wp\/v2\/posts\/740\/revisions\/741"}],"wp:featuredmedia":[{"embeddable":true,"href":"https:\/\/wspomozycielka-lodz.pl\/index.php?rest_route=\/wp\/v2\/media\/619"}],"wp:attachment":[{"href":"https:\/\/wspomozycielka-lodz.pl\/index.php?rest_route=%2Fwp%2Fv2%2Fmedia&parent=740"}],"wp:term":[{"taxonomy":"category","embeddable":true,"href":"https:\/\/wspomozycielka-lodz.pl\/index.php?rest_route=%2Fwp%2Fv2%2Fcategories&post=740"},{"taxonomy":"post_tag","embeddable":true,"href":"https:\/\/wspomozycielka-lodz.pl\/index.php?rest_route=%2Fwp%2Fv2%2Ftags&post=740"}],"curies":[{"name":"wp","href":"https:\/\/api.w.org\/{rel}","templated":true}]}}