{"id":738,"date":"2023-05-14T15:40:44","date_gmt":"2023-05-14T13:40:44","guid":{"rendered":"https:\/\/wspomozycielka-lodz.pl\/?p=738"},"modified":"2023-05-14T15:40:45","modified_gmt":"2023-05-14T13:40:45","slug":"ogloszenia-parafialne-14-05-2023","status":"publish","type":"post","link":"https:\/\/wspomozycielka-lodz.pl\/?p=738","title":{"rendered":"OG\u0141OSZENIA PARAFIALNE (14.05.2023)"},"content":{"rendered":"\n<p>1. Nabo\u017ce\u0144stwo majowe dzisiaj o godz. 17.30.<\/p>\n\n\n\n<p>2. W poniedzia\u0142ek rozpoczniemy nowenn\u0119 do Maryi Wspomo\u017cycielki, po\u0142\u0105czon\u0105 z nabo\u017ce\u0144stwem majowym, o godz. 17.15.<\/p>\n\n\n\n<p>3. We wtorek po Mszy wieczornej spotkanie z rozwa\u017caniem S\u0142owa Bo\u017cego.<\/p>\n\n\n\n<p>4. W czwartek po Mszy wieczornej adoracja Naj\u015bwi\u0119tszego Sakramentu.<\/p>\n\n\n\n<p>5. W sobot\u0119 dzieci z naszej parafii po raz pierwszy przyst\u0105pi\u0105 o godz. 10.00 do sakramentu pokuty i pojednania.<\/p>\n\n\n\n<p>6. W przysz\u0142\u0105 niedziel\u0119 po Mszy o 10.00 b\u0119dzie spotkanie dla kandydat\u00f3w do bierzmowania ze szk\u00f3\u0142 \u015brednich.<\/p>\n\n\n\n<p>7. W przysz\u0142\u0105 niedziel\u0119 r\u00f3wnie\u017c o godz. 11.30 dzieci z naszej parafii przyst\u0105pi\u0105 do pierwszej Komunii \u015bwi\u0119tej.<\/p>\n\n\n\n<p>8. W sklepiku parafialnym mo\u017cna naby\u0107 pami\u0105tki pierwszokomunijne.<\/p>\n\n\n\n<p>9. Zapraszamy na organizowany przez nasze dzie\u0142o Salezja\u0144ski Festyn Rodzinny, kt\u00f3ry odb\u0119dzie si\u0119 w niedziel\u0119 4 czerwca. Rozpocz\u0119cie Msz\u0105 \u015bw. o godz. 11.30, a zako\u0144czenie w godzinach popo\u0142udniowych. W planie zabawy dla dzieci, malowanie twarzy, dmuchaniec, wyst\u0119py taneczne, gra w bingo. Gdyby kto\u015b pragn\u0105\u0142 ofiarowa\u0107 jakie\u015b fanty na nagrody do tej gry (np. maskotki, ksi\u0105\u017cki, przedmioty u\u017cytkowe w nowym stanie), to mo\u017cna je z\u0142o\u017cy\u0107 u ks. Piotra w oratorium lub w zakrystii.<\/p>\n\n\n\n<p>10. Wszystkich ch\u0119tnych ch\u0142opc\u00f3w \u2013 od II klasy szko\u0142y podstawowej, m\u0142odzie\u017c m\u0119sk\u0105 oraz pan\u00f3w &#8211; dawnych ministrant\u00f3w zapraszamy do w\u0142\u0105czenia si\u0119 w s\u0142u\u017cb\u0119 liturgiczn\u0105 naszej parafii. Informacje po Mszy \u015bw. u ks. Piotra \u2013 opiekuna ministrant\u00f3w. <\/p>\n\n\n\n<p>11. Z naszej wsp\u00f3lnoty parafialnej do wieczno\u015bci odszed\u0142: Grzegorz Jasi\u0144ski, lat 45. <em>Wieczny odpoczynek racz mu da\u0107, Panie<\/em>&#8230;<\/p>\n","protected":false},"excerpt":{"rendered":"<p>1. Nabo\u017ce\u0144stwo majowe dzisiaj o godz. 17.30. 2. W poniedzia\u0142ek rozpoczniemy nowenn\u0119 do Maryi Wspomo\u017cycielki, po\u0142\u0105czon\u0105 z nabo\u017ce\u0144stwem majowym, o godz. 17.15. 3. We wtorek po Mszy wieczornej spotkanie z rozwa\u017caniem S\u0142owa Bo\u017cego. 4. W czwartek po Mszy wieczornej adoracja Naj\u015bwi\u0119tszego Sakramentu. 5. W sobot\u0119 dzieci z naszej parafii po [&hellip;]<\/p>\n","protected":false},"author":2,"featured_media":619,"comment_status":"open","ping_status":"open","sticky":false,"template":"","format":"standard","meta":{"footnotes":""},"categories":[2],"tags":[],"class_list":["post-738","post","type-post","status-publish","format-standard","has-post-thumbnail","hentry","category-aktualnosci"],"_links":{"self":[{"href":"https:\/\/wspomozycielka-lodz.pl\/index.php?rest_route=\/wp\/v2\/posts\/738","targetHints":{"allow":["GET"]}}],"collection":[{"href":"https:\/\/wspomozycielka-lodz.pl\/index.php?rest_route=\/wp\/v2\/posts"}],"about":[{"href":"https:\/\/wspomozycielka-lodz.pl\/index.php?rest_route=\/wp\/v2\/types\/post"}],"author":[{"embeddable":true,"href":"https:\/\/wspomozycielka-lodz.pl\/index.php?rest_route=\/wp\/v2\/users\/2"}],"replies":[{"embeddable":true,"href":"https:\/\/wspomozycielka-lodz.pl\/index.php?rest_route=%2Fwp%2Fv2%2Fcomments&post=738"}],"version-history":[{"count":1,"href":"https:\/\/wspomozycielka-lodz.pl\/index.php?rest_route=\/wp\/v2\/posts\/738\/revisions"}],"predecessor-version":[{"id":739,"href":"https:\/\/wspomozycielka-lodz.pl\/index.php?rest_route=\/wp\/v2\/posts\/738\/revisions\/739"}],"wp:featuredmedia":[{"embeddable":true,"href":"https:\/\/wspomozycielka-lodz.pl\/index.php?rest_route=\/wp\/v2\/media\/619"}],"wp:attachment":[{"href":"https:\/\/wspomozycielka-lodz.pl\/index.php?rest_route=%2Fwp%2Fv2%2Fmedia&parent=738"}],"wp:term":[{"taxonomy":"category","embeddable":true,"href":"https:\/\/wspomozycielka-lodz.pl\/index.php?rest_route=%2Fwp%2Fv2%2Fcategories&post=738"},{"taxonomy":"post_tag","embeddable":true,"href":"https:\/\/wspomozycielka-lodz.pl\/index.php?rest_route=%2Fwp%2Fv2%2Ftags&post=738"}],"curies":[{"name":"wp","href":"https:\/\/api.w.org\/{rel}","templated":true}]}}