{"id":736,"date":"2023-05-06T23:38:15","date_gmt":"2023-05-06T21:38:15","guid":{"rendered":"https:\/\/wspomozycielka-lodz.pl\/?p=736"},"modified":"2023-05-06T23:38:16","modified_gmt":"2023-05-06T21:38:16","slug":"ogloszenia-parafialne-7-05-2023","status":"publish","type":"post","link":"https:\/\/wspomozycielka-lodz.pl\/?p=736","title":{"rendered":"OG\u0141OSZENIA PARAFIALNE (7.05.2023)"},"content":{"rendered":"\n<p>1. Dzi\u0119kuj\u0119 diakonowi Jackowi, kt\u00f3ry ko\u0144czy swoj\u0105 praktyk\u0119 w naszej parafii i dziele salezja\u0144skim, za zaanga\u017cowanie, gorliwo\u015b\u0107 i wszelkie dobro. Niech B\u00f3g b\u0142ogos\u0142awi mu w dalszej drodze powo\u0142ania. Prosz\u0119 o modlitw\u0119 za niego, szczeg\u00f3lnie w tym miesi\u0105cu, kiedy b\u0119dzie zdawa\u0142 ostateczne egzaminy z teologii oraz przyjmowa\u0142 \u015bwi\u0119cenia kap\u0142a\u0144skie.<\/p>\n\n\n\n<p>2. Zach\u0119camy do uczestnictwa w nabo\u017ce\u0144stwach majowych o godz. 17.30.<\/p>\n\n\n\n<p>3. W poniedzia\u0142ek obchodzimy uroczysto\u015b\u0107 \u015bw. Stanis\u0142awa, g\u0142\u00f3wnego patrona Polski.<\/p>\n\n\n\n<p>4. We wtorek po Mszy wieczornej spotkanie z rozwa\u017caniem S\u0142owa Bo\u017cego.<\/p>\n\n\n\n<p>5. W czwartek po Mszy wieczornej adoracja Naj\u015bwi\u0119tszego Sakramentu.<\/p>\n\n\n\n<p>6. W sobot\u0119 czcimy \u015bw. Mari\u0119 Dominik\u0119 Mazzarello, wsp\u00f3\u0142za\u0142o\u017cycielk\u0119 si\u00f3str salezjanek.<\/p>\n\n\n\n<p>7. W przysz\u0142\u0105 niedziel\u0119 po Mszy o 11.30 b\u0119dzie spotkanie Salezjan\u00f3w Wsp\u00f3\u0142pracownik\u00f3w.<\/p>\n\n\n\n<p>8. R\u00f3wnie\u017c w przysz\u0142\u0105 niedziel\u0119 na Mszy \u015bw. o godz. 18.00 b\u0119dziemy si\u0119 modli\u0107 za ks. Macieja Drewniaka z okazji jego imienin.<\/p>\n\n\n\n<p>9. W sklepiku parafialnym mo\u017cna naby\u0107 pami\u0105tki pierwszokomunijne.<\/p>\n\n\n\n<p>10. Salezja\u0144skie Szko\u0142y Rzemios\u0142 w \u0141odzi przy ul. Wodnej zapraszaj\u0105 m\u0142odzie\u017c klas \u00f3smych do podj\u0119cia nauki w nowo otwartej Salezja\u0144skiej Szkole Bran\u017cowej I stopnia w zawodzie mechatronik. Trwa r\u00f3wnie\u017c nab\u00f3r do Technikum Salezja\u0144skiego w zawodach: technik mechatronik oraz technik informatyk. Nauka jest nieodp\u0142atna. Dla uczni\u00f3w spoza \u0141odzi mo\u017cliwe jest zakwaterowanie w Bursie Salezja\u0144skiej. Nab\u00f3r odbywa si\u0119 poza internetowym systemem rekrutacji do szk\u00f3\u0142 samorz\u0105dowych, st\u0105d nale\u017cy z\u0142o\u017cy\u0107 odr\u0119bny wniosek o przyj\u0119cie do szko\u0142y. Najbli\u017csze dni otwarte odb\u0119d\u0105 si\u0119 w niedziel\u0119 21 maja oraz 4 czerwca o godz. 10.00. Szczeg\u00f3\u0142owe informacje na plakatach, a tak\u017ce na stronie internetowej: szkolyrzemiosl.edu.pl.<\/p>\n","protected":false},"excerpt":{"rendered":"<p>1. Dzi\u0119kuj\u0119 diakonowi Jackowi, kt\u00f3ry ko\u0144czy swoj\u0105 praktyk\u0119 w naszej parafii i dziele salezja\u0144skim, za zaanga\u017cowanie, gorliwo\u015b\u0107 i wszelkie dobro. Niech B\u00f3g b\u0142ogos\u0142awi mu w dalszej drodze powo\u0142ania. Prosz\u0119 o modlitw\u0119 za niego, szczeg\u00f3lnie w tym miesi\u0105cu, kiedy b\u0119dzie zdawa\u0142 ostateczne egzaminy z teologii oraz przyjmowa\u0142 \u015bwi\u0119cenia kap\u0142a\u0144skie. 2. Zach\u0119camy [&hellip;]<\/p>\n","protected":false},"author":2,"featured_media":619,"comment_status":"open","ping_status":"open","sticky":false,"template":"","format":"standard","meta":{"footnotes":""},"categories":[2],"tags":[],"class_list":["post-736","post","type-post","status-publish","format-standard","has-post-thumbnail","hentry","category-aktualnosci"],"_links":{"self":[{"href":"https:\/\/wspomozycielka-lodz.pl\/index.php?rest_route=\/wp\/v2\/posts\/736","targetHints":{"allow":["GET"]}}],"collection":[{"href":"https:\/\/wspomozycielka-lodz.pl\/index.php?rest_route=\/wp\/v2\/posts"}],"about":[{"href":"https:\/\/wspomozycielka-lodz.pl\/index.php?rest_route=\/wp\/v2\/types\/post"}],"author":[{"embeddable":true,"href":"https:\/\/wspomozycielka-lodz.pl\/index.php?rest_route=\/wp\/v2\/users\/2"}],"replies":[{"embeddable":true,"href":"https:\/\/wspomozycielka-lodz.pl\/index.php?rest_route=%2Fwp%2Fv2%2Fcomments&post=736"}],"version-history":[{"count":1,"href":"https:\/\/wspomozycielka-lodz.pl\/index.php?rest_route=\/wp\/v2\/posts\/736\/revisions"}],"predecessor-version":[{"id":737,"href":"https:\/\/wspomozycielka-lodz.pl\/index.php?rest_route=\/wp\/v2\/posts\/736\/revisions\/737"}],"wp:featuredmedia":[{"embeddable":true,"href":"https:\/\/wspomozycielka-lodz.pl\/index.php?rest_route=\/wp\/v2\/media\/619"}],"wp:attachment":[{"href":"https:\/\/wspomozycielka-lodz.pl\/index.php?rest_route=%2Fwp%2Fv2%2Fmedia&parent=736"}],"wp:term":[{"taxonomy":"category","embeddable":true,"href":"https:\/\/wspomozycielka-lodz.pl\/index.php?rest_route=%2Fwp%2Fv2%2Fcategories&post=736"},{"taxonomy":"post_tag","embeddable":true,"href":"https:\/\/wspomozycielka-lodz.pl\/index.php?rest_route=%2Fwp%2Fv2%2Ftags&post=736"}],"curies":[{"name":"wp","href":"https:\/\/api.w.org\/{rel}","templated":true}]}}