{"id":732,"date":"2023-04-22T16:25:38","date_gmt":"2023-04-22T14:25:38","guid":{"rendered":"https:\/\/wspomozycielka-lodz.pl\/?p=732"},"modified":"2023-04-22T16:25:38","modified_gmt":"2023-04-22T14:25:38","slug":"ogloszenia-parafialne-23-04-2023","status":"publish","type":"post","link":"https:\/\/wspomozycielka-lodz.pl\/?p=732","title":{"rendered":"OG\u0141OSZENIA PARAFIALNE (23.04.2023)"},"content":{"rendered":"\n<p>1. Dzi\u015b o godz. 17.40 nowenna do Maryi Wspomo\u017cycielki.<\/p>\n\n\n\n<p>2. Jutro obchodzimy uroczysto\u015b\u0107 \u015bw. Wojciecha, g\u0142\u00f3wnego patrona Polski. Ho\u0142d ku czci Maryi Wspomo\u017cycielki o godz. 17.00.<\/p>\n\n\n\n<p>3. We wtorek po Mszy wieczornej spotkanie z rozwa\u017caniem S\u0142owa Bo\u017cego.<\/p>\n\n\n\n<p>4. W \u015brod\u0119 po Mszy wieczornej spotkanie wsp\u00f3lnoty Wieczernika modlitwy za kap\u0142an\u00f3w.<\/p>\n\n\n\n<p>5. W czwartek po Mszy wieczornej adoracja Naj\u015bwi\u0119tszego Sakramentu. <\/p>\n\n\n\n<p>6. Z naszej wsp\u00f3lnoty parafialnej do wieczno\u015bci odesz\u0142a: Ma\u0142gorzata Kalinowska, lat 67. <em>Wieczny odpoczynek racz jej da\u0107, Panie<\/em>&#8230;<\/p>\n","protected":false},"excerpt":{"rendered":"<p>1. Dzi\u015b o godz. 17.40 nowenna do Maryi Wspomo\u017cycielki. 2. Jutro obchodzimy uroczysto\u015b\u0107 \u015bw. Wojciecha, g\u0142\u00f3wnego patrona Polski. Ho\u0142d ku czci Maryi Wspomo\u017cycielki o godz. 17.00. 3. We wtorek po Mszy wieczornej spotkanie z rozwa\u017caniem S\u0142owa Bo\u017cego. 4. W \u015brod\u0119 po Mszy wieczornej spotkanie wsp\u00f3lnoty Wieczernika modlitwy za kap\u0142an\u00f3w. 5. [&hellip;]<\/p>\n","protected":false},"author":2,"featured_media":619,"comment_status":"open","ping_status":"open","sticky":false,"template":"","format":"standard","meta":{"footnotes":""},"categories":[2],"tags":[],"class_list":["post-732","post","type-post","status-publish","format-standard","has-post-thumbnail","hentry","category-aktualnosci"],"_links":{"self":[{"href":"https:\/\/wspomozycielka-lodz.pl\/index.php?rest_route=\/wp\/v2\/posts\/732","targetHints":{"allow":["GET"]}}],"collection":[{"href":"https:\/\/wspomozycielka-lodz.pl\/index.php?rest_route=\/wp\/v2\/posts"}],"about":[{"href":"https:\/\/wspomozycielka-lodz.pl\/index.php?rest_route=\/wp\/v2\/types\/post"}],"author":[{"embeddable":true,"href":"https:\/\/wspomozycielka-lodz.pl\/index.php?rest_route=\/wp\/v2\/users\/2"}],"replies":[{"embeddable":true,"href":"https:\/\/wspomozycielka-lodz.pl\/index.php?rest_route=%2Fwp%2Fv2%2Fcomments&post=732"}],"version-history":[{"count":1,"href":"https:\/\/wspomozycielka-lodz.pl\/index.php?rest_route=\/wp\/v2\/posts\/732\/revisions"}],"predecessor-version":[{"id":733,"href":"https:\/\/wspomozycielka-lodz.pl\/index.php?rest_route=\/wp\/v2\/posts\/732\/revisions\/733"}],"wp:featuredmedia":[{"embeddable":true,"href":"https:\/\/wspomozycielka-lodz.pl\/index.php?rest_route=\/wp\/v2\/media\/619"}],"wp:attachment":[{"href":"https:\/\/wspomozycielka-lodz.pl\/index.php?rest_route=%2Fwp%2Fv2%2Fmedia&parent=732"}],"wp:term":[{"taxonomy":"category","embeddable":true,"href":"https:\/\/wspomozycielka-lodz.pl\/index.php?rest_route=%2Fwp%2Fv2%2Fcategories&post=732"},{"taxonomy":"post_tag","embeddable":true,"href":"https:\/\/wspomozycielka-lodz.pl\/index.php?rest_route=%2Fwp%2Fv2%2Ftags&post=732"}],"curies":[{"name":"wp","href":"https:\/\/api.w.org\/{rel}","templated":true}]}}