{"id":730,"date":"2023-04-15T09:24:51","date_gmt":"2023-04-15T07:24:51","guid":{"rendered":"https:\/\/wspomozycielka-lodz.pl\/?p=730"},"modified":"2023-04-15T09:24:52","modified_gmt":"2023-04-15T07:24:52","slug":"ogloszenia-parafialne-16-04-2023","status":"publish","type":"post","link":"https:\/\/wspomozycielka-lodz.pl\/?p=730","title":{"rendered":"OG\u0141OSZENIA PARAFIALNE (16.04.2023)"},"content":{"rendered":"\n<p>1. Dzi\u015b o godz. 15.00 b\u0119dzie nabo\u017ce\u0144stwo ku czci Bo\u017cego Mi\u0142osierdzia, po\u0142\u0105czone z nowenn\u0105 do Maryi Wspomo\u017cycielki.<\/p>\n\n\n\n<p>2. Od poniedzia\u0142ku nowenna do Maryi Wspomo\u017cycielki o godz. 17.40.<\/p>\n\n\n\n<p>3. We wtorek po Mszy wieczornej spotkanie z rozwa\u017caniem S\u0142owa Bo\u017cego.<\/p>\n\n\n\n<p>4. W czwartek po Mszy wieczornej adoracja Naj\u015bwi\u0119tszego Sakramentu.<\/p>\n\n\n\n<p>5. W przysz\u0142\u0105 niedziel\u0119 o godz. 11.30 b\u0119dzie Msza \u015bw. i spotkanie dla dzieci przygotowuj\u0105cych si\u0119 do pierwszej Komunii \u015awi\u0119tej i ich rodzic\u00f3w.<\/p>\n\n\n\n<p>6. W dniu 6 maja odb\u0119dzie si\u0119 Kongres Czcicieli Maryi Wspomo\u017cycielki w salezja\u0144skiej parafii w Rumii. Ch\u0119tnych do udzia\u0142u w Kongresie prosz\u0119 o zg\u0142oszenia do nast\u0119pnej niedzieli. <\/p>\n\n\n\n<p>7. Dzi\u015b po Mszy \u015bw. o 11.30 b\u0119dzie spotkanie wielkanocne dla cz\u0142onk\u00f3w stowarzyszenia oratorium.<\/p>\n","protected":false},"excerpt":{"rendered":"<p>1. Dzi\u015b o godz. 15.00 b\u0119dzie nabo\u017ce\u0144stwo ku czci Bo\u017cego Mi\u0142osierdzia, po\u0142\u0105czone z nowenn\u0105 do Maryi Wspomo\u017cycielki. 2. Od poniedzia\u0142ku nowenna do Maryi Wspomo\u017cycielki o godz. 17.40. 3. We wtorek po Mszy wieczornej spotkanie z rozwa\u017caniem S\u0142owa Bo\u017cego. 4. W czwartek po Mszy wieczornej adoracja Naj\u015bwi\u0119tszego Sakramentu. 5. W przysz\u0142\u0105 [&hellip;]<\/p>\n","protected":false},"author":2,"featured_media":619,"comment_status":"open","ping_status":"open","sticky":false,"template":"","format":"standard","meta":{"footnotes":""},"categories":[2],"tags":[],"class_list":["post-730","post","type-post","status-publish","format-standard","has-post-thumbnail","hentry","category-aktualnosci"],"_links":{"self":[{"href":"https:\/\/wspomozycielka-lodz.pl\/index.php?rest_route=\/wp\/v2\/posts\/730","targetHints":{"allow":["GET"]}}],"collection":[{"href":"https:\/\/wspomozycielka-lodz.pl\/index.php?rest_route=\/wp\/v2\/posts"}],"about":[{"href":"https:\/\/wspomozycielka-lodz.pl\/index.php?rest_route=\/wp\/v2\/types\/post"}],"author":[{"embeddable":true,"href":"https:\/\/wspomozycielka-lodz.pl\/index.php?rest_route=\/wp\/v2\/users\/2"}],"replies":[{"embeddable":true,"href":"https:\/\/wspomozycielka-lodz.pl\/index.php?rest_route=%2Fwp%2Fv2%2Fcomments&post=730"}],"version-history":[{"count":1,"href":"https:\/\/wspomozycielka-lodz.pl\/index.php?rest_route=\/wp\/v2\/posts\/730\/revisions"}],"predecessor-version":[{"id":731,"href":"https:\/\/wspomozycielka-lodz.pl\/index.php?rest_route=\/wp\/v2\/posts\/730\/revisions\/731"}],"wp:featuredmedia":[{"embeddable":true,"href":"https:\/\/wspomozycielka-lodz.pl\/index.php?rest_route=\/wp\/v2\/media\/619"}],"wp:attachment":[{"href":"https:\/\/wspomozycielka-lodz.pl\/index.php?rest_route=%2Fwp%2Fv2%2Fmedia&parent=730"}],"wp:term":[{"taxonomy":"category","embeddable":true,"href":"https:\/\/wspomozycielka-lodz.pl\/index.php?rest_route=%2Fwp%2Fv2%2Fcategories&post=730"},{"taxonomy":"post_tag","embeddable":true,"href":"https:\/\/wspomozycielka-lodz.pl\/index.php?rest_route=%2Fwp%2Fv2%2Ftags&post=730"}],"curies":[{"name":"wp","href":"https:\/\/api.w.org\/{rel}","templated":true}]}}