{"id":728,"date":"2023-04-13T12:00:05","date_gmt":"2023-04-13T10:00:05","guid":{"rendered":"https:\/\/wspomozycielka-lodz.pl\/?p=728"},"modified":"2023-04-13T12:00:06","modified_gmt":"2023-04-13T10:00:06","slug":"ogloszenia-parafialne-9-04-2023","status":"publish","type":"post","link":"https:\/\/wspomozycielka-lodz.pl\/?p=728","title":{"rendered":"OG\u0141OSZENIA PARAFIALNE (9.04.2023)"},"content":{"rendered":"\n<p>1. ALLELUJA! Wszystkim Parafianom, Sympatykom i Go\u015bciom sk\u0142adamy serdeczne \u017cyczenia radosnych \u015awi\u0105t Wielkanocnych, aby zwyci\u0119ski Chrystus Pan odnowi\u0142 w nas \u017cycie \u0142aski i umocni\u0142 w wierze, kt\u00f3ra dzia\u0142a przez mi\u0142o\u015b\u0107!<\/p>\n\n\n\n<p>2. Jutro drugi dzie\u0144 \u015bwi\u0105t wielkanocnych. Msze \u015bwi\u0119te jak w niedziel\u0119. Przez ca\u0142y tydzie\u0144 trwa\u0107 b\u0119dziemy w oktawie Wielkanocy. Z tej racji w najbli\u017cszy pi\u0105tek nie obowi\u0105zuje wstrzemi\u0119\u017aliwo\u015b\u0107 od pokarm\u00f3w mi\u0119snych.<\/p>\n\n\n\n<p>3. Trwamy te\u017c w nowennie do Bo\u017cego Mi\u0142osierdzia o 17.45.<\/p>\n\n\n\n<p>4. W czwartek po Mszy wieczornej adoracja Naj\u015bwi\u0119tszego Sakramentu.<\/p>\n\n\n\n<p>5. W pi\u0105tek po Mszy wieczornej spotkanie Stra\u017cy Honorowej NSPJ.<\/p>\n\n\n\n<p>6. W sobot\u0119 rozpoczniemy nowenn\u0119 do Maryi Wspomo\u017cycielki, kt\u00f3ra wraz z ostatnim dniem nowenny do Bo\u017cego mi\u0142osierdzia b\u0119dzie o godz. 17.30.<\/p>\n\n\n\n<p>7. Nast\u0119pna niedziela jest \u015bwi\u0119tem Mi\u0142osierdzia Bo\u017cego. Na godz. 15.00 zapraszamy na nabo\u017ce\u0144stwo ku czci Bo\u017cego Mi\u0142osierdzia. Na zako\u0144czenie tego nabo\u017ce\u0144stwa b\u0119dzie nowenna do Maryi Wspomo\u017cycielki.<\/p>\n\n\n\n<p>8. W przysz\u0142\u0105 niedziel\u0119 zapraszamy kandydat\u00f3w do bierzmowania ze szko\u0142y \u015bredniej na Msz\u0119 o godz. 10.00, a z klas VII i VIII szko\u0142y podstawowej na Msz\u0119 o 11.30.<\/p>\n\n\n\n<p>9. Serdecznie dzi\u0119kuj\u0119 wszystkim uczestnicz\u0105cym we wsp\u00f3lnym prze\u017cywaniu \u015awi\u0119tego Triduum Paschalnego w naszej \u015bwi\u0105tyni, a zw\u0142aszcza tym, kt\u00f3rzy zaanga\u017cowali si\u0119 na r\u00f3\u017cnych p\u0142aszczyznach. Dzi\u0119kuj\u0119 moim wsp\u00f3\u0142braciom, salezjanom, za ich obecno\u015b\u0107, za pos\u0142ug\u0119 celebracji liturgii i nabo\u017ce\u0144stw, a tak\u017ce pos\u0142ug\u0119 w sakramencie pokuty i pojednania. Ks. Dariuszowi dzi\u0119kuj\u0119 za przygotowanie z m\u0142odzie\u017c\u0105 Misterium M\u0119ki Pa\u0144skiej. Ks. Piotrowi i dk. Jackowi dzi\u0119kuj\u0119 za przygotowanie s\u0142u\u017cby liturgicznej. Pani Ewie Pakulskiej, pani Zofii B\u0142awat, pani Janinie Tomaszewskiej, pani Irenie Pertusiewicz, dk. Jackowi i kl. Chrispinowi dzi\u0119kuj\u0119 za przygotowanie ciemnicy i Grobu Pa\u0144skiego. Dzi\u0119kuj\u0119 ca\u0142ej s\u0142u\u017cbie liturgicznej. Dzi\u0119kuj\u0119 panu organi\u015bcie Rados\u0142awowi i scholii m\u0142odzie\u017cowej za \u015bpiewy podczas Triduum. Dzi\u0119kuj\u0119 panu ko\u015bcielnemu Aleksandrowi. Dzi\u0119kuj\u0119 Salezjanom Wsp\u00f3\u0142pracownikom za zaanga\u017cowanie w r\u00f3\u017cnych dzia\u0142aniach. Dzi\u0119kuj\u0119 Stra\u017cy Honorowej Serca Jezusa za czuwanie przy ciemnicy. Dzi\u0119kuj\u0119 wszystkim zaanga\u017cowanym w procesj\u0119 rezurekcyjn\u0105. Dzi\u0119kuj\u0119 wszystkim sprz\u0105taj\u0105cym ko\u015bci\u00f3\u0142. Niech Zmartwychwsta\u0142y wynagradza swoimi \u0142askami ka\u017cde dobro.<\/p>\n\n\n\n<p>10. Serdecznie dzi\u0119kuj\u0119 za wszelkie ofiary sk\u0142adane na kwiaty, wyst\u00f3j ko\u015bcio\u0142a i wszystko to, co jest potrzebne do liturgii podczas ca\u0142ego Triduum. Dzi\u0119kuj\u0119 za ofiary sk\u0142adane w ramach ja\u0142mu\u017cny wielkopostnej, szczeg\u00f3lnie dzieciom z Salezja\u0144skiej Szko\u0142y Podstawowej. <\/p>\n\n\n\n<p>11. Z naszej wsp\u00f3lnoty parafialnej do wieczno\u015bci odesz\u0142a: Marzanna Trusewicz, lat 60. <em>Wieczny odpoczynek racz jej da\u0107, Panie<\/em>&#8230;<\/p>\n","protected":false},"excerpt":{"rendered":"<p>1. ALLELUJA! Wszystkim Parafianom, Sympatykom i Go\u015bciom sk\u0142adamy serdeczne \u017cyczenia radosnych \u015awi\u0105t Wielkanocnych, aby zwyci\u0119ski Chrystus Pan odnowi\u0142 w nas \u017cycie \u0142aski i umocni\u0142 w wierze, kt\u00f3ra dzia\u0142a przez mi\u0142o\u015b\u0107! 2. Jutro drugi dzie\u0144 \u015bwi\u0105t wielkanocnych. Msze \u015bwi\u0119te jak w niedziel\u0119. Przez ca\u0142y tydzie\u0144 trwa\u0107 b\u0119dziemy w oktawie Wielkanocy. Z [&hellip;]<\/p>\n","protected":false},"author":2,"featured_media":619,"comment_status":"open","ping_status":"open","sticky":false,"template":"","format":"standard","meta":{"footnotes":""},"categories":[2],"tags":[],"class_list":["post-728","post","type-post","status-publish","format-standard","has-post-thumbnail","hentry","category-aktualnosci"],"_links":{"self":[{"href":"https:\/\/wspomozycielka-lodz.pl\/index.php?rest_route=\/wp\/v2\/posts\/728","targetHints":{"allow":["GET"]}}],"collection":[{"href":"https:\/\/wspomozycielka-lodz.pl\/index.php?rest_route=\/wp\/v2\/posts"}],"about":[{"href":"https:\/\/wspomozycielka-lodz.pl\/index.php?rest_route=\/wp\/v2\/types\/post"}],"author":[{"embeddable":true,"href":"https:\/\/wspomozycielka-lodz.pl\/index.php?rest_route=\/wp\/v2\/users\/2"}],"replies":[{"embeddable":true,"href":"https:\/\/wspomozycielka-lodz.pl\/index.php?rest_route=%2Fwp%2Fv2%2Fcomments&post=728"}],"version-history":[{"count":1,"href":"https:\/\/wspomozycielka-lodz.pl\/index.php?rest_route=\/wp\/v2\/posts\/728\/revisions"}],"predecessor-version":[{"id":729,"href":"https:\/\/wspomozycielka-lodz.pl\/index.php?rest_route=\/wp\/v2\/posts\/728\/revisions\/729"}],"wp:featuredmedia":[{"embeddable":true,"href":"https:\/\/wspomozycielka-lodz.pl\/index.php?rest_route=\/wp\/v2\/media\/619"}],"wp:attachment":[{"href":"https:\/\/wspomozycielka-lodz.pl\/index.php?rest_route=%2Fwp%2Fv2%2Fmedia&parent=728"}],"wp:term":[{"taxonomy":"category","embeddable":true,"href":"https:\/\/wspomozycielka-lodz.pl\/index.php?rest_route=%2Fwp%2Fv2%2Fcategories&post=728"},{"taxonomy":"post_tag","embeddable":true,"href":"https:\/\/wspomozycielka-lodz.pl\/index.php?rest_route=%2Fwp%2Fv2%2Ftags&post=728"}],"curies":[{"name":"wp","href":"https:\/\/api.w.org\/{rel}","templated":true}]}}