{"id":726,"date":"2023-04-02T14:41:19","date_gmt":"2023-04-02T12:41:19","guid":{"rendered":"https:\/\/wspomozycielka-lodz.pl\/?p=726"},"modified":"2023-04-02T14:41:20","modified_gmt":"2023-04-02T12:41:20","slug":"ogloszenia-parafialne-2-04-2023","status":"publish","type":"post","link":"https:\/\/wspomozycielka-lodz.pl\/?p=726","title":{"rendered":"OG\u0141OSZENIA PARAFIALNE (2.04.2023)"},"content":{"rendered":"\n<p>1. Rozpoczynamy Wielki Tydzie\u0144, kt\u00f3rego kulminacj\u0105 b\u0119d\u0105 liturgie Triduum Paschalnego, upami\u0119tniaj\u0105ce najwa\u017cniejsze tajemnice naszej wiary \u2013 m\u0119ki, \u015bmierci i zmartwychwstania Jezusa Chrystusa. Serdecznie zach\u0119camy do uczestnictwa w tych liturgiach, zostawienia innych spraw i g\u0142\u0119bokiego zjednoczenia z Bogiem podczas tych najpi\u0119kniejszych celebracji w ca\u0142ym roku.<\/p>\n\n\n\n<p>2. Ostatnie Gorzkie \u017bale z kazaniem pasyjnym dzi\u015b o 17.15.<\/p>\n\n\n\n<p>3. W Wielki Wtorek na Mszy wieczornej b\u0119dziemy si\u0119 modli\u0107 za zmar\u0142ych polecanych w wypominkach, a po Mszy spotkanie z rozwa\u017caniem S\u0142owa Bo\u017cego.<\/p>\n\n\n\n<p>4. W Wielk\u0105 \u015arod\u0119 na Mszy wieczornej modlimy si\u0119 za wszystkich Dobrodziej\u00f3w parafii i ca\u0142ego dzie\u0142a salezja\u0144skiego na Wodnej. Po Mszy spotkanie wsp\u00f3lnoty Wieczernika modlitwy za kap\u0142an\u00f3w.<\/p>\n\n\n\n<p>5. W Wielki Czwartek nie b\u0119dzie Mszy porannej. <strong>O godz. 18.00 gromadzimy si\u0119 na Mszy Wieczerzy Pa\u0144skiej<\/strong>, zako\u0144czonej procesj\u0105 do miejsca przechowania Naj\u015bwi\u0119tszego Sakramentu (tzw. ciemnicy), gdzie trwa\u0107 b\u0119dzie adoracja do godz. 22.00.<\/p>\n\n\n\n<p>6. W Wielki Pi\u0105tek czuwanie modlitewne przy Naj\u015bwi\u0119tszym Sakramencie od godz. 7.00 do 18.00. <strong>Droga Krzy\u017cowa dla wszystkich o godz. 15.00<\/strong> z rozpocz\u0119ciem nowenny do Bo\u017cego Mi\u0142osierdzia. <strong>Liturgia M\u0119ki Pa\u0144skiej rozpocznie si\u0119 o godz. 18.00<\/strong>. Ofiary zbierane w czasie adoracji Krzy\u017ca s\u0105 przeznaczone na potrzeby Ko\u015bcio\u0142a w Ziemi \u015awi\u0119tej. Po Liturgii procesja z Naj\u015bwi\u0119tszym Sakramentem do Grobu Pa\u0144skiego i adoracja do godz. 22.00. Przypominamy, \u017ce od momentu adoracji Krzy\u017ca w czasie pi\u0105tkowej Liturgii a\u017c do Wigilii Paschalnej przechodz\u0105c przed krzy\u017cem nale\u017cy przykl\u0119kn\u0105\u0107. W Wielki Pi\u0105tek obowi\u0105zuje nas wstrzemi\u0119\u017aliwo\u015b\u0107 od pokarm\u00f3w mi\u0119snych dla wszystkich powy\u017cej 14. roku \u017cycia oraz post \u015bcis\u0142y (ilo\u015bciowy) dla os\u00f3b od 18 do 60. roku \u017cycia.<\/p>\n\n\n\n<p>7. W Wielk\u0105 Sobot\u0119 adoracja Naj\u015bwi\u0119tszego Sakramentu przy Grobie Pa\u0144skim od godz. 7.00 do 16.00. <strong>Po\u015bwi\u0119cenie pokarm\u00f3w od 8.00 do 16.00<\/strong>. Ch\u0119tnych do pomocy w posprz\u0105taniu i przygotowaniu ko\u015bcio\u0142a na uroczysto\u015b\u0107 Zmartwychwstania zapraszamy o godz. 16.00. <strong>Uroczysta Wigilia Paschalna Zmartwychwstania Pa\u0144skiego rozpocznie si\u0119 o godz. 20.00<\/strong>. Przypominamy o zabraniu ze sob\u0105 \u015bwiec na Wigili\u0119 Paschaln\u0105, podczas kt\u00f3rej odnowimy przyrzeczenia chrzcielne.<\/p>\n\n\n\n<p>8. W Wielki Pi\u0105tek i Wielk\u0105 Sobot\u0119 o godz. 7.30 zapraszamy do wsp\u00f3lnej modlitwy Jutrzni i Godziny Czyta\u0144. W sobot\u0119 po tej modlitwie b\u0119dzie nowenna do Bo\u017cego Mi\u0142osierdzia.<\/p>\n\n\n\n<p>9. <strong>W Wielki Pi\u0105tek od 8.00 do 18.00 i w Wielk\u0105 Sobot\u0119 od 8.00 do 16.00 b\u0119dzie mo\u017cna skorzysta\u0107 z sakramentu pokuty i pojednania<\/strong>.<\/p>\n\n\n\n<p>10. Nast\u0119pna niedziela jest uroczysto\u015bci\u0105 Zmartwychwstania Pa\u0144skiego. <strong>Msza rezurekcyjna o godz. 6.00<\/strong> z procesj\u0105 po ulicach naszej parafii. Kolejne Msze \u015bw. w uroczysto\u015b\u0107 Zmartwychwstania Pa\u0144skiego o godz. 10.00, 11.30 i 18.00. O godz. 17.45 nowenna do Bo\u017cego Mi\u0142osierdzia.<\/p>\n\n\n\n<p>11. Przypominamy, \u017ce dzi\u015b o godz. 15.00 w auli szkolnej b\u0119dzie Misterium M\u0119ki Pa\u0144skiej w wykonaniu klarety\u0144skiej grupy pantomimicznej <em>Iventus Dei<\/em>.<\/p>\n\n\n\n<p>12. Oratorium zaprasza na kiermasz przed\u015bwi\u0105teczny. Po mszach \u015bwi\u0119tych b\u0119dzie mo\u017cna naby\u0107 ozdoby wielkanocne i kartki \u015bwi\u0105teczne robione przez dzieci oraz baranki i wypieki do \u015bwi\u0119conki. Sk\u0142adane ofiary b\u0119d\u0105 przeznaczone na dzia\u0142alno\u015b\u0107 oratoryjn\u0105. Za ka\u017cdy dar sk\u0142adamy serdeczne &#8222;B\u00f3g zap\u0142a\u0107&#8221;.<\/p>\n\n\n\n<p>13. Trwamy w nowennie przy relikwiach \u015bw. Artemidesa Zattiego w intencji powo\u0142a\u0144 do Rodziny Salezja\u0144skiej, do \u015brody o godz. 17.45.<\/p>\n\n\n\n<p>14. Z naszej wsp\u00f3lnoty parafialnej do wieczno\u015bci odesz\u0142a: Beata Kustosik, lat 58. <em>Wieczny odpoczynek racz jej da\u0107, Panie<\/em>&#8230;<\/p>\n","protected":false},"excerpt":{"rendered":"<p>1. Rozpoczynamy Wielki Tydzie\u0144, kt\u00f3rego kulminacj\u0105 b\u0119d\u0105 liturgie Triduum Paschalnego, upami\u0119tniaj\u0105ce najwa\u017cniejsze tajemnice naszej wiary \u2013 m\u0119ki, \u015bmierci i zmartwychwstania Jezusa Chrystusa. Serdecznie zach\u0119camy do uczestnictwa w tych liturgiach, zostawienia innych spraw i g\u0142\u0119bokiego zjednoczenia z Bogiem podczas tych najpi\u0119kniejszych celebracji w ca\u0142ym roku. 2. Ostatnie Gorzkie \u017bale z kazaniem [&hellip;]<\/p>\n","protected":false},"author":2,"featured_media":619,"comment_status":"open","ping_status":"open","sticky":false,"template":"","format":"standard","meta":{"footnotes":""},"categories":[2],"tags":[],"class_list":["post-726","post","type-post","status-publish","format-standard","has-post-thumbnail","hentry","category-aktualnosci"],"_links":{"self":[{"href":"https:\/\/wspomozycielka-lodz.pl\/index.php?rest_route=\/wp\/v2\/posts\/726","targetHints":{"allow":["GET"]}}],"collection":[{"href":"https:\/\/wspomozycielka-lodz.pl\/index.php?rest_route=\/wp\/v2\/posts"}],"about":[{"href":"https:\/\/wspomozycielka-lodz.pl\/index.php?rest_route=\/wp\/v2\/types\/post"}],"author":[{"embeddable":true,"href":"https:\/\/wspomozycielka-lodz.pl\/index.php?rest_route=\/wp\/v2\/users\/2"}],"replies":[{"embeddable":true,"href":"https:\/\/wspomozycielka-lodz.pl\/index.php?rest_route=%2Fwp%2Fv2%2Fcomments&post=726"}],"version-history":[{"count":1,"href":"https:\/\/wspomozycielka-lodz.pl\/index.php?rest_route=\/wp\/v2\/posts\/726\/revisions"}],"predecessor-version":[{"id":727,"href":"https:\/\/wspomozycielka-lodz.pl\/index.php?rest_route=\/wp\/v2\/posts\/726\/revisions\/727"}],"wp:featuredmedia":[{"embeddable":true,"href":"https:\/\/wspomozycielka-lodz.pl\/index.php?rest_route=\/wp\/v2\/media\/619"}],"wp:attachment":[{"href":"https:\/\/wspomozycielka-lodz.pl\/index.php?rest_route=%2Fwp%2Fv2%2Fmedia&parent=726"}],"wp:term":[{"taxonomy":"category","embeddable":true,"href":"https:\/\/wspomozycielka-lodz.pl\/index.php?rest_route=%2Fwp%2Fv2%2Fcategories&post=726"},{"taxonomy":"post_tag","embeddable":true,"href":"https:\/\/wspomozycielka-lodz.pl\/index.php?rest_route=%2Fwp%2Fv2%2Ftags&post=726"}],"curies":[{"name":"wp","href":"https:\/\/api.w.org\/{rel}","templated":true}]}}