{"id":723,"date":"2023-03-25T16:34:15","date_gmt":"2023-03-25T15:34:15","guid":{"rendered":"https:\/\/wspomozycielka-lodz.pl\/?p=723"},"modified":"2023-03-25T16:35:09","modified_gmt":"2023-03-25T15:35:09","slug":"ogloszenia-parafialne-26-03-2023","status":"publish","type":"post","link":"https:\/\/wspomozycielka-lodz.pl\/?p=723","title":{"rendered":"OG\u0141OSZENIA PARAFIALNE (26.03.2023)"},"content":{"rendered":"\n<p>1. Dzi\u015b rozpoczynamy parafialne rekolekcje wielkopostne, kt\u00f3re g\u0142osi nam ks. dr Adam W\u0119grzyn, salezjanin, biblista, redaktor programu telewizyjnego dla dzieci \u201eZiarno\u201d. Nauki rekolekcyjne b\u0119d\u0105 g\u0142oszone do \u015brody na wszystkich Mszach wed\u0142ug zwyk\u0142ego rozk\u0142adu. Ofiary zbierane podczas rekolekcji b\u0119d\u0105 przeznaczone na dzia\u0142alno\u015b\u0107 m\u0142odzie\u017cow\u0105 Ksi\u0119dza Rekolekcjonisty.<\/p>\n\n\n\n<p>2. We wtorek po Mszy wieczornej spotkanie z rozwa\u017caniem S\u0142owa Bo\u017cego.<\/p>\n\n\n\n<p>3. W czwartek po Mszy wieczornej adoracja Naj\u015bwi\u0119tszego Sakramentu.<\/p>\n\n\n\n<p>4. W sobot\u0119 po Mszy porannej nabo\u017ce\u0144stwo i wymiana tajemnic r\u00f3\u017ca\u0144cowych, a po Mszy wieczornej o godz. 19.00 r\u00f3\u017caniec prowadzony przez wsp\u00f3lnot\u0119 \u017bywego R\u00f3\u017ca\u0144ca.<\/p>\n\n\n\n<p>5. Nabo\u017ce\u0144stwa wielkopostne:<\/p>\n\n\n\n<ul class=\"wp-block-list\"><li>Droga Krzy\u017cowa w pi\u0105tek: dla dzieci o 16.30; dla doros\u0142ych o 17.15; dla m\u0142odzie\u017cy o 19.30.<\/li><li>Gorzkie \u017bale z kazaniem pasyjnym w niedziele o 17.15.<\/li><\/ul>\n\n\n\n<p>6. Przysz\u0142a niedziela to Niedziela Palmowa. Na ka\u017cdej Mszy b\u0119dzie po\u015bwi\u0119cenie palm. Msz\u0119 \u015bw. o godz. 11.30 rozpoczniemy na dziedzi\u0144cu domu salezja\u0144skiego i potem b\u0119dzie procesj\u0105 z palmami do ko\u015bcio\u0142a.<\/p>\n\n\n\n<p>7. W przysz\u0142\u0105 niedziel\u0119 po Mszy o godz. 10.00 przy sklepiku b\u0119d\u0105 wystawione kroniki parafialne do obejrzenia.<\/p>\n\n\n\n<p>8. W przysz\u0142\u0105 niedziel\u0119 te\u017c o godz. 15.00 w auli Zespo\u0142u Szk\u00f3\u0142 Salezja\u0144skich w \u0141odzi odb\u0119dzie si\u0119 Misterium M\u0119ki Pa\u0144skiej przygotowane przez grup\u0119 pantomimy <em>Iuventus Dei<\/em> oraz Wydzia\u0142 Duszpasterstwa M\u0142odzie\u017cy A\u0141.<\/p>\n\n\n\n<p>9. W sklepiku parafialnym dost\u0119pne s\u0105 \u015bwiece i baranki wielkanocne. Salezjanie Wsp\u00f3\u0142pracownicy zbieraj\u0105 ofiary na kwiaty do Grobu Pa\u0144skiego. Dzi\u0119kujemy za sk\u0142adane ofiary.<\/p>\n\n\n\n<p>10. Jak ju\u017c by\u0142o zapowiadane, Oratorium zaprasza na kiermasz przed\u015bwi\u0105teczny. Dzi\u015b i w niedziel\u0119 2 kwietnia po mszach \u015bwi\u0119tych b\u0119dzie mo\u017cna naby\u0107 ozdoby wielkanocne i kartki \u015bwi\u0105teczne robione przez dzieci oraz baranki i wypieki do \u015bwi\u0119conki. Sk\u0142adane ofiary b\u0119d\u0105 przeznaczone na dzia\u0142alno\u015b\u0107 oratoryjn\u0105. Za ka\u017cdy dar sk\u0142adamy serdeczne &#8222;B\u00f3g zap\u0142a\u0107&#8221;.<\/p>\n\n\n\n<p>11. W Naszej salezja\u0144skiej Inspektorii Warszawskiej odbywa si\u0119 w tym roku peregrynacja relikwii \u015bw. Artemidesa Zattiego w intencji powo\u0142a\u0144 do Rodziny Salezja\u0144skiej. Relikwie \u015bw. Artemidesa w naszym dziele salezja\u0144skim na Wodnej b\u0119d\u0105 w dniach 28 marca do 5 kwietnia. W tych dniach o 17.45 b\u0119dzie nowenna o nowe powo\u0142ania przez wstawiennictwo \u015bw. Artemidesa.<\/p>\n\n\n\n<p>12. Dzi\u015b po Mszach przeprowadzana jest zbi\u00f3rka ofiar na Fundusz Obrony \u017bycia. Dzi\u015b tak\u017ce mo\u017cna z\u0142o\u017cy\u0107 ofiar\u0119 na Radio Maryja. <\/p>\n\n\n\n<p>13. Z naszej wsp\u00f3lnoty parafialnej do wieczno\u015bci odesz\u0142y: Zofia Przybysz, lat 66; Janina Warzecha, lat 88. <em>Wieczny odpoczynek racz im da\u0107, Panie<\/em>&#8230;<\/p>\n","protected":false},"excerpt":{"rendered":"<p>1. Dzi\u015b rozpoczynamy parafialne rekolekcje wielkopostne, kt\u00f3re g\u0142osi nam ks. dr Adam W\u0119grzyn, salezjanin, biblista, redaktor programu telewizyjnego dla dzieci \u201eZiarno\u201d. Nauki rekolekcyjne b\u0119d\u0105 g\u0142oszone do \u015brody na wszystkich Mszach wed\u0142ug zwyk\u0142ego rozk\u0142adu. Ofiary zbierane podczas rekolekcji b\u0119d\u0105 przeznaczone na dzia\u0142alno\u015b\u0107 m\u0142odzie\u017cow\u0105 Ksi\u0119dza Rekolekcjonisty. 2. We wtorek po Mszy wieczornej [&hellip;]<\/p>\n","protected":false},"author":2,"featured_media":619,"comment_status":"open","ping_status":"open","sticky":false,"template":"","format":"standard","meta":{"footnotes":""},"categories":[2],"tags":[],"class_list":["post-723","post","type-post","status-publish","format-standard","has-post-thumbnail","hentry","category-aktualnosci"],"_links":{"self":[{"href":"https:\/\/wspomozycielka-lodz.pl\/index.php?rest_route=\/wp\/v2\/posts\/723","targetHints":{"allow":["GET"]}}],"collection":[{"href":"https:\/\/wspomozycielka-lodz.pl\/index.php?rest_route=\/wp\/v2\/posts"}],"about":[{"href":"https:\/\/wspomozycielka-lodz.pl\/index.php?rest_route=\/wp\/v2\/types\/post"}],"author":[{"embeddable":true,"href":"https:\/\/wspomozycielka-lodz.pl\/index.php?rest_route=\/wp\/v2\/users\/2"}],"replies":[{"embeddable":true,"href":"https:\/\/wspomozycielka-lodz.pl\/index.php?rest_route=%2Fwp%2Fv2%2Fcomments&post=723"}],"version-history":[{"count":2,"href":"https:\/\/wspomozycielka-lodz.pl\/index.php?rest_route=\/wp\/v2\/posts\/723\/revisions"}],"predecessor-version":[{"id":725,"href":"https:\/\/wspomozycielka-lodz.pl\/index.php?rest_route=\/wp\/v2\/posts\/723\/revisions\/725"}],"wp:featuredmedia":[{"embeddable":true,"href":"https:\/\/wspomozycielka-lodz.pl\/index.php?rest_route=\/wp\/v2\/media\/619"}],"wp:attachment":[{"href":"https:\/\/wspomozycielka-lodz.pl\/index.php?rest_route=%2Fwp%2Fv2%2Fmedia&parent=723"}],"wp:term":[{"taxonomy":"category","embeddable":true,"href":"https:\/\/wspomozycielka-lodz.pl\/index.php?rest_route=%2Fwp%2Fv2%2Fcategories&post=723"},{"taxonomy":"post_tag","embeddable":true,"href":"https:\/\/wspomozycielka-lodz.pl\/index.php?rest_route=%2Fwp%2Fv2%2Ftags&post=723"}],"curies":[{"name":"wp","href":"https:\/\/api.w.org\/{rel}","templated":true}]}}