{"id":721,"date":"2023-03-20T22:15:35","date_gmt":"2023-03-20T21:15:35","guid":{"rendered":"https:\/\/wspomozycielka-lodz.pl\/?p=721"},"modified":"2023-03-20T22:15:35","modified_gmt":"2023-03-20T21:15:35","slug":"ogloszenia-parafialne-19-03-2023","status":"publish","type":"post","link":"https:\/\/wspomozycielka-lodz.pl\/?p=721","title":{"rendered":"OG\u0141OSZENIA PARAFIALNE (19.03.2023)"},"content":{"rendered":"\n<p>1. Trwamy w nowennie do Maryi Wspomo\u017cycielki o godz. 17.40.<\/p>\n\n\n\n<p>2. W poniedzia\u0142ek obchodzi\u0107 b\u0119dziemy uroczysto\u015b\u0107 \u015bw. J\u00f3zefa, Oblubie\u0144ca Naj\u015bwi\u0119tszej Maryi Panny, patrona Ko\u015bcio\u0142a Powszechnego, Archidiecezji \u0141\u00f3dzkiej, Rodziny Salezja\u0144skiej i Salezja\u0144skich Szk\u00f3\u0142 Rzemios\u0142.<\/p>\n\n\n\n<p>3. We wtorek po Mszy wieczornej spotkanie z rozwa\u017caniem S\u0142owa Bo\u017cego.<\/p>\n\n\n\n<p>4. W czwartek po Mszy wieczornej adoracja Naj\u015bwi\u0119tszego Sakramentu.<\/p>\n\n\n\n<p>5. W pi\u0105tek, 24 lutego, ho\u0142d ku czci Maryi Wspomo\u017cycielki oddamy podczas wieczornej Mszy \u015bw. Po Mszy wieczornej spotkanie Sodalicji Maria\u0144skiej.<\/p>\n\n\n\n<p>6. W sobot\u0119, 25 marca, obchodzi\u0107 b\u0119dziemy uroczysto\u015b\u0107 Zwiastowania Pa\u0144skiego, kt\u00f3ra jest obchodzona w Ko\u015bciele jako Dzie\u0144 \u015awi\u0119to\u015bci \u017bycia. W tym dniu b\u0119dzie dodatkowa Msza \u015bw. o godz. 12.00, podczas kt\u00f3rej b\u0119dzie mo\u017cna w\u0142\u0105czy\u0107 si\u0119 w Dzie\u0142o Duchowej Adopcji Dziecka Pocz\u0119tego. Zach\u0119camy do zaanga\u017cowania si\u0119 w t\u0119 inicjatyw\u0119 modlitewn\u0105. Na stoliku przy skarbonie przygotowane s\u0105 formularze duchowej adopcji, kt\u00f3re mo\u017cna wype\u0142ni\u0107.<\/p>\n\n\n\n<p>7. R\u00f3wnie\u017c w sobot\u0119 zapraszamy wszystkie grupy i wsp\u00f3lnoty parafialne na skupienie wielkopostne. Rozpocznie si\u0119 ono Msz\u0105 \u015bw. o godz. 12.00, a zako\u0144czy koronk\u0105 do Bo\u017cego mi\u0142osierdzia o 15.00.<\/p>\n\n\n\n<p>8. W przysz\u0142\u0105 niedziel\u0119 rozpoczniemy wielkopostne rekolekcje parafialne.<\/p>\n\n\n\n<p>9. W przysz\u0142\u0105 niedziel\u0119 o godz. 11.30 b\u0119dzie Msza \u015bw. i spotkanie dla dzieci przygotowuj\u0105cych si\u0119 do pierwszej Komunii \u015awi\u0119tej i ich rodzic\u00f3w.<\/p>\n\n\n\n<p>10. Przypominamy, \u017ce za tydzie\u0144 nast\u0119puje zmiana czasu z soboty na niedziel\u0119.<\/p>\n\n\n\n<p>11. Nabo\u017ce\u0144stwa wielkopostne:<\/p>\n\n\n\n<ul class=\"wp-block-list\"><li>Droga Krzy\u017cowa w pi\u0105tek: dla dzieci o 16.30; dla doros\u0142ych o 17.15; dla m\u0142odzie\u017cy o 19.30.<\/li><li>Gorzkie \u017bale z kazaniem pasyjnym w niedziele o 17.15.<\/li><\/ul>\n\n\n\n<p>12. Jak ju\u017c by\u0142o zapowiadane, zapraszamy dzisiaj na Misterium M\u0119ki Pa\u0144skiej, kt\u00f3re rozpocznie si\u0119 o godz. 19.00 w naszym ko\u015bciele.<\/p>\n\n\n\n<p>13. W sklepiku parafialnym dost\u0119pne s\u0105 \u015bwiece i baranki wielkanocne. Salezjanie Wsp\u00f3\u0142pracownicy zbieraj\u0105 ofiary na kwiaty do Grobu Pa\u0144skiego. Dzi\u0119kujemy za sk\u0142adane ofiary. <\/p>\n\n\n\n<p>14. Nasze Oratorium zaprasza na kiermasz przed\u015bwi\u0105teczny. W niedziel\u0119 26 marca i 2 kwietnia po mszach \u015bwi\u0119tych b\u0119dzie mo\u017cna naby\u0107 ozdoby wielkanocne i kartki \u015bwi\u0105teczne robione przez dzieci oraz baranki i wypieki do \u015bwi\u0119conki. Sk\u0142adane ofiary b\u0119d\u0105 przeznaczone na dzia\u0142alno\u015b\u0107 oratoryjn\u0105. Za ka\u017cdy dar sk\u0142adamy serdeczne &#8222;B\u00f3g zap\u0142a\u0107&#8221;.<\/p>\n","protected":false},"excerpt":{"rendered":"<p>1. Trwamy w nowennie do Maryi Wspomo\u017cycielki o godz. 17.40. 2. W poniedzia\u0142ek obchodzi\u0107 b\u0119dziemy uroczysto\u015b\u0107 \u015bw. J\u00f3zefa, Oblubie\u0144ca Naj\u015bwi\u0119tszej Maryi Panny, patrona Ko\u015bcio\u0142a Powszechnego, Archidiecezji \u0141\u00f3dzkiej, Rodziny Salezja\u0144skiej i Salezja\u0144skich Szk\u00f3\u0142 Rzemios\u0142. 3. We wtorek po Mszy wieczornej spotkanie z rozwa\u017caniem S\u0142owa Bo\u017cego. 4. W czwartek po Mszy wieczornej [&hellip;]<\/p>\n","protected":false},"author":2,"featured_media":619,"comment_status":"open","ping_status":"open","sticky":false,"template":"","format":"standard","meta":{"footnotes":""},"categories":[2],"tags":[],"class_list":["post-721","post","type-post","status-publish","format-standard","has-post-thumbnail","hentry","category-aktualnosci"],"_links":{"self":[{"href":"https:\/\/wspomozycielka-lodz.pl\/index.php?rest_route=\/wp\/v2\/posts\/721","targetHints":{"allow":["GET"]}}],"collection":[{"href":"https:\/\/wspomozycielka-lodz.pl\/index.php?rest_route=\/wp\/v2\/posts"}],"about":[{"href":"https:\/\/wspomozycielka-lodz.pl\/index.php?rest_route=\/wp\/v2\/types\/post"}],"author":[{"embeddable":true,"href":"https:\/\/wspomozycielka-lodz.pl\/index.php?rest_route=\/wp\/v2\/users\/2"}],"replies":[{"embeddable":true,"href":"https:\/\/wspomozycielka-lodz.pl\/index.php?rest_route=%2Fwp%2Fv2%2Fcomments&post=721"}],"version-history":[{"count":1,"href":"https:\/\/wspomozycielka-lodz.pl\/index.php?rest_route=\/wp\/v2\/posts\/721\/revisions"}],"predecessor-version":[{"id":722,"href":"https:\/\/wspomozycielka-lodz.pl\/index.php?rest_route=\/wp\/v2\/posts\/721\/revisions\/722"}],"wp:featuredmedia":[{"embeddable":true,"href":"https:\/\/wspomozycielka-lodz.pl\/index.php?rest_route=\/wp\/v2\/media\/619"}],"wp:attachment":[{"href":"https:\/\/wspomozycielka-lodz.pl\/index.php?rest_route=%2Fwp%2Fv2%2Fmedia&parent=721"}],"wp:term":[{"taxonomy":"category","embeddable":true,"href":"https:\/\/wspomozycielka-lodz.pl\/index.php?rest_route=%2Fwp%2Fv2%2Fcategories&post=721"},{"taxonomy":"post_tag","embeddable":true,"href":"https:\/\/wspomozycielka-lodz.pl\/index.php?rest_route=%2Fwp%2Fv2%2Ftags&post=721"}],"curies":[{"name":"wp","href":"https:\/\/api.w.org\/{rel}","templated":true}]}}