{"id":716,"date":"2023-03-05T22:26:06","date_gmt":"2023-03-05T21:26:06","guid":{"rendered":"https:\/\/wspomozycielka-lodz.pl\/?p=716"},"modified":"2023-03-05T22:26:07","modified_gmt":"2023-03-05T21:26:07","slug":"ogloszenia-parafialne-5-03-2023","status":"publish","type":"post","link":"https:\/\/wspomozycielka-lodz.pl\/?p=716","title":{"rendered":"OG\u0141OSZENIA PARAFIALNE (5.03.2023)"},"content":{"rendered":"\n<p>1. We wtorek na Mszy wieczornej modlimy si\u0119 za zmar\u0142ych polecanych w wypominkach. Po Mszy wieczornej spotkanie z rozwa\u017caniem S\u0142owa Bo\u017cego.<\/p>\n\n\n\n<p>2. We wtorek przed po\u0142udniem kancelaria parafialna b\u0119dzie nieczynna.<\/p>\n\n\n\n<p>3. W \u015brod\u0119, 8 marca, modlitw\u0105 otoczymy wszystkie panie w dniu ich \u015bwi\u0119ta.<\/p>\n\n\n\n<p>4. W czwartek po Mszy wieczornej adoracja Naj\u015bwi\u0119tszego Sakramentu.<\/p>\n\n\n\n<p>5. W pi\u0105tek zapraszamy na mi\u0119dzyparafialn\u0105 Drog\u0119 Krzy\u017cow\u0105. Rozpocz\u0119cie o godz. 19.00 w ko\u015bciele \u015bw. Piotra i Paw\u0142a, a zako\u0144czenie w naszym ko\u015bciele Matki Bo\u017cej Wspomo\u017cenia Wiernych.<\/p>\n\n\n\n<p>6. W zwi\u0105zku z zapowiedzian\u0105 mi\u0119dzyparafialn\u0105 Drog\u0105 Krzy\u017cow\u0105, nie b\u0119dzie tego nabo\u017ce\u0144stwa o 17.15 i 19.30. Wcze\u015bniej b\u0119dzie Droga Krzy\u017cowa o 16.30 dla dzieci i tych, kt\u00f3rzy nie b\u0119d\u0105 mogli uczestniczy\u0107 w tej o 19.00.<\/p>\n\n\n\n<p>7. Gorzkie \u017bale z kazaniem pasyjnym w niedziel\u0119 o godz. 17.15. <\/p>\n\n\n\n<p>8. Dzi\u015b przeprowadzana jest zbi\u00f3rka ofiar do puszek na potrzeby polskich misjonarzy.<\/p>\n","protected":false},"excerpt":{"rendered":"<p>1. We wtorek na Mszy wieczornej modlimy si\u0119 za zmar\u0142ych polecanych w wypominkach. Po Mszy wieczornej spotkanie z rozwa\u017caniem S\u0142owa Bo\u017cego. 2. We wtorek przed po\u0142udniem kancelaria parafialna b\u0119dzie nieczynna. 3. W \u015brod\u0119, 8 marca, modlitw\u0105 otoczymy wszystkie panie w dniu ich \u015bwi\u0119ta. 4. W czwartek po Mszy wieczornej adoracja [&hellip;]<\/p>\n","protected":false},"author":2,"featured_media":619,"comment_status":"open","ping_status":"open","sticky":false,"template":"","format":"standard","meta":{"footnotes":""},"categories":[2],"tags":[],"class_list":["post-716","post","type-post","status-publish","format-standard","has-post-thumbnail","hentry","category-aktualnosci"],"_links":{"self":[{"href":"https:\/\/wspomozycielka-lodz.pl\/index.php?rest_route=\/wp\/v2\/posts\/716","targetHints":{"allow":["GET"]}}],"collection":[{"href":"https:\/\/wspomozycielka-lodz.pl\/index.php?rest_route=\/wp\/v2\/posts"}],"about":[{"href":"https:\/\/wspomozycielka-lodz.pl\/index.php?rest_route=\/wp\/v2\/types\/post"}],"author":[{"embeddable":true,"href":"https:\/\/wspomozycielka-lodz.pl\/index.php?rest_route=\/wp\/v2\/users\/2"}],"replies":[{"embeddable":true,"href":"https:\/\/wspomozycielka-lodz.pl\/index.php?rest_route=%2Fwp%2Fv2%2Fcomments&post=716"}],"version-history":[{"count":1,"href":"https:\/\/wspomozycielka-lodz.pl\/index.php?rest_route=\/wp\/v2\/posts\/716\/revisions"}],"predecessor-version":[{"id":717,"href":"https:\/\/wspomozycielka-lodz.pl\/index.php?rest_route=\/wp\/v2\/posts\/716\/revisions\/717"}],"wp:featuredmedia":[{"embeddable":true,"href":"https:\/\/wspomozycielka-lodz.pl\/index.php?rest_route=\/wp\/v2\/media\/619"}],"wp:attachment":[{"href":"https:\/\/wspomozycielka-lodz.pl\/index.php?rest_route=%2Fwp%2Fv2%2Fmedia&parent=716"}],"wp:term":[{"taxonomy":"category","embeddable":true,"href":"https:\/\/wspomozycielka-lodz.pl\/index.php?rest_route=%2Fwp%2Fv2%2Fcategories&post=716"},{"taxonomy":"post_tag","embeddable":true,"href":"https:\/\/wspomozycielka-lodz.pl\/index.php?rest_route=%2Fwp%2Fv2%2Ftags&post=716"}],"curies":[{"name":"wp","href":"https:\/\/api.w.org\/{rel}","templated":true}]}}