{"id":714,"date":"2023-03-05T22:23:58","date_gmt":"2023-03-05T21:23:58","guid":{"rendered":"https:\/\/wspomozycielka-lodz.pl\/?p=714"},"modified":"2023-03-05T22:23:59","modified_gmt":"2023-03-05T21:23:59","slug":"ogloszenia-parafialne-26-02-2023","status":"publish","type":"post","link":"https:\/\/wspomozycielka-lodz.pl\/?p=714","title":{"rendered":"OG\u0141OSZENIA PARAFIALNE (26.02.2023)"},"content":{"rendered":"\n<p>1. Przypominamy o <a>nabo\u017ce\u0144stwach wielkopostnych:<\/a><\/p>\n\n\n\n<p>2. We wtorek po Mszy wieczornej spotkanie z rozwa\u017caniem S\u0142owa Bo\u017cego.<\/p>\n\n\n\n<p>3. W \u015brod\u0119 na Mszy wieczornej b\u0119dziemy si\u0119 modli\u0107 za wszystkich Dobrodziej\u00f3w naszej parafii i ca\u0142ego dzie\u0142a salezja\u0144skiego na Wodnej. Po Mszy wieczornej spotkanie wsp\u00f3lnoty Wieczernika modlitwy za kap\u0142an\u00f3w.<\/p>\n\n\n\n<p>4. W czwartek na Mszy wieczornej b\u0119dziemy si\u0119 modli\u0107 za kap\u0142an\u00f3w pos\u0142uguj\u0105cych w naszej parafii i o nowe powo\u0142ania. Po Mszy wieczornej adoracja Naj\u015bwi\u0119tszego Sakramentu.<\/p>\n\n\n\n<p>5. W pi\u0105tek o godz. 15.00 Godzina Mi\u0142osierdzia i adoracja Naj\u015bwi\u0119tszego Sakramentu. Po Mszy wieczornej spotkanie wsp\u00f3lnoty Stra\u017cy Honorowej NSPJ.<\/p>\n\n\n\n<p>6. W sobot\u0119 po Mszy porannej nabo\u017ce\u0144stwo i wymiana tajemnic r\u00f3\u017ca\u0144cowych, a po Mszy wieczornej o godz. 19.00 r\u00f3\u017caniec prowadzony przez wsp\u00f3lnot\u0119 \u017bywego R\u00f3\u017ca\u0144ca.<\/p>\n\n\n\n<p>7. W przysz\u0142\u0105 niedziel\u0119 po Mszy o godz. 10.00 przy sklepiku b\u0119d\u0105 wystawione kroniki parafialne do obejrzenia.<\/p>\n\n\n\n<p>8. W przysz\u0142\u0105 niedziel\u0119 te\u017c b\u0119dzie spotkanie Salezjan\u00f3w Wsp\u00f3\u0142pracownik\u00f3w po Mszy wieczornej.<\/p>\n\n\n\n<p>9. Na stoliku przy du\u017cej skarbonie znajduj\u0105 si\u0119 skarbonki ja\u0142mu\u017cny wielkopostnej, w kt\u00f3rych mo\u017cna gromadzi\u0107 owoce swoich wyrzecze\u0144, aby potem podzieli\u0107 nimi z potrzebuj\u0105cymi. Pod koniec Wielkiego Postu mo\u017cna te skarbonki przynie\u015b\u0107 do ko\u015bcio\u0142a, a z\u0142o\u017cone ofiary przeznaczymy na \u015bwi\u0105teczn\u0105 pomoc potrzebuj\u0105cym.<\/p>\n\n\n\n<p>10. Dzi\u015b mo\u017cna z\u0142o\u017cy\u0107 ofiar\u0119 do puszki na Radio Maryja. <\/p>\n\n\n\n<p>11. Z naszej wsp\u00f3lnoty parafialnej do wieczno\u015bci odeszli: W\u0142adys\u0142awa Kmieciak, lat 92; Stefan K\u0119pka, lat 72. <em>Wieczny odpoczynek racz im da\u0107, Panie<\/em>&#8230;.<\/p>\n","protected":false},"excerpt":{"rendered":"<p>1. Przypominamy o nabo\u017ce\u0144stwach wielkopostnych: 2. We wtorek po Mszy wieczornej spotkanie z rozwa\u017caniem S\u0142owa Bo\u017cego. 3. W \u015brod\u0119 na Mszy wieczornej b\u0119dziemy si\u0119 modli\u0107 za wszystkich Dobrodziej\u00f3w naszej parafii i ca\u0142ego dzie\u0142a salezja\u0144skiego na Wodnej. Po Mszy wieczornej spotkanie wsp\u00f3lnoty Wieczernika modlitwy za kap\u0142an\u00f3w. 4. W czwartek na Mszy [&hellip;]<\/p>\n","protected":false},"author":2,"featured_media":619,"comment_status":"open","ping_status":"open","sticky":false,"template":"","format":"standard","meta":{"footnotes":""},"categories":[2],"tags":[],"class_list":["post-714","post","type-post","status-publish","format-standard","has-post-thumbnail","hentry","category-aktualnosci"],"_links":{"self":[{"href":"https:\/\/wspomozycielka-lodz.pl\/index.php?rest_route=\/wp\/v2\/posts\/714","targetHints":{"allow":["GET"]}}],"collection":[{"href":"https:\/\/wspomozycielka-lodz.pl\/index.php?rest_route=\/wp\/v2\/posts"}],"about":[{"href":"https:\/\/wspomozycielka-lodz.pl\/index.php?rest_route=\/wp\/v2\/types\/post"}],"author":[{"embeddable":true,"href":"https:\/\/wspomozycielka-lodz.pl\/index.php?rest_route=\/wp\/v2\/users\/2"}],"replies":[{"embeddable":true,"href":"https:\/\/wspomozycielka-lodz.pl\/index.php?rest_route=%2Fwp%2Fv2%2Fcomments&post=714"}],"version-history":[{"count":1,"href":"https:\/\/wspomozycielka-lodz.pl\/index.php?rest_route=\/wp\/v2\/posts\/714\/revisions"}],"predecessor-version":[{"id":715,"href":"https:\/\/wspomozycielka-lodz.pl\/index.php?rest_route=\/wp\/v2\/posts\/714\/revisions\/715"}],"wp:featuredmedia":[{"embeddable":true,"href":"https:\/\/wspomozycielka-lodz.pl\/index.php?rest_route=\/wp\/v2\/media\/619"}],"wp:attachment":[{"href":"https:\/\/wspomozycielka-lodz.pl\/index.php?rest_route=%2Fwp%2Fv2%2Fmedia&parent=714"}],"wp:term":[{"taxonomy":"category","embeddable":true,"href":"https:\/\/wspomozycielka-lodz.pl\/index.php?rest_route=%2Fwp%2Fv2%2Fcategories&post=714"},{"taxonomy":"post_tag","embeddable":true,"href":"https:\/\/wspomozycielka-lodz.pl\/index.php?rest_route=%2Fwp%2Fv2%2Ftags&post=714"}],"curies":[{"name":"wp","href":"https:\/\/api.w.org\/{rel}","templated":true}]}}