{"id":712,"date":"2023-02-19T16:52:49","date_gmt":"2023-02-19T15:52:49","guid":{"rendered":"https:\/\/wspomozycielka-lodz.pl\/?p=712"},"modified":"2023-02-19T16:52:50","modified_gmt":"2023-02-19T15:52:50","slug":"ogloszenia-parafialne-19-02-2023","status":"publish","type":"post","link":"https:\/\/wspomozycielka-lodz.pl\/?p=712","title":{"rendered":"OG\u0141OSZENIA PARAFIALNE (19.02.2023)"},"content":{"rendered":"\n<p>1. Trwamy w nowennie do Maryi Wspomo\u017cycielki o godz. 17.40.<\/p>\n\n\n\n<p>2. We wtorek po Mszy wieczornej spotkanie z rozwa\u017caniem S\u0142owa Bo\u017cego.<\/p>\n\n\n\n<p>3. W \u015arod\u0119 Popielcow\u0105, 22 lutego, rozpoczynamy okres Wielkiego Postu. Msze \u015bw. w tym dniu o godz. 7.30 i 18.00 &#8211; na ka\u017cdej obrz\u0119d posypania g\u0142\u00f3w popio\u0142em na znak pokuty. Ofiary sk\u0142adane w ten dzie\u0144 przeznaczona s\u0105 na dzie\u0142a charytatywne \u0142\u00f3dzkiej Caritas.<\/p>\n\n\n\n<p>4. Przypominamy, \u017ce w \u015arod\u0119 Popielcow\u0105 obowi\u0105zuje nas wstrzemi\u0119\u017aliwo\u015b\u0107 od pokarm\u00f3w mi\u0119snych dla wszystkich powy\u017cej 14. roku \u017cycia oraz post \u015bcis\u0142y (ilo\u015bciowy) dla os\u00f3b pe\u0142noletnich a\u017c do rozpocz\u0119cia 60. roku \u017cycia.<\/p>\n\n\n\n<p>5. Wraz z Wielkim Postem rozpoczynamy tradycyjne nabo\u017ce\u0144stwa:<\/p>\n\n\n\n<ul class=\"wp-block-list\"><li>Droga Krzy\u017cowa w pi\u0105tki: dla dzieci o 16.30; dla doros\u0142ych o 17.15; dla m\u0142odzie\u017cy o 19.30.<\/li><li>Gorzkie \u017bale z kazaniem pasyjnym w niedziele o 17.15.<\/li><\/ul>\n\n\n\n<p>6. W czwartek po Mszy wieczornej adoracja Naj\u015bwi\u0119tszego Sakramentu.<\/p>\n\n\n\n<p>7. W pi\u0105tek, 24 lutego, ho\u0142d ku czci Maryi Wspomo\u017cycielki oddamy podczas wieczornej Mszy \u015bw. Po Mszy wieczornej spotkanie Sodalicji Maria\u0144skiej. <\/p>\n\n\n\n<p>8. W przysz\u0142\u0105 niedziel\u0119 o godz. 11.30 b\u0119dzie Msza \u015bw. i spotkanie dla dzieci przygotowuj\u0105cych si\u0119 do pierwszej Komunii \u015awi\u0119tej i ich rodzic\u00f3w.<\/p>\n","protected":false},"excerpt":{"rendered":"<p>1. Trwamy w nowennie do Maryi Wspomo\u017cycielki o godz. 17.40. 2. We wtorek po Mszy wieczornej spotkanie z rozwa\u017caniem S\u0142owa Bo\u017cego. 3. W \u015arod\u0119 Popielcow\u0105, 22 lutego, rozpoczynamy okres Wielkiego Postu. Msze \u015bw. w tym dniu o godz. 7.30 i 18.00 &#8211; na ka\u017cdej obrz\u0119d posypania g\u0142\u00f3w popio\u0142em na znak [&hellip;]<\/p>\n","protected":false},"author":2,"featured_media":619,"comment_status":"open","ping_status":"open","sticky":false,"template":"","format":"standard","meta":{"footnotes":""},"categories":[2],"tags":[],"class_list":["post-712","post","type-post","status-publish","format-standard","has-post-thumbnail","hentry","category-aktualnosci"],"_links":{"self":[{"href":"https:\/\/wspomozycielka-lodz.pl\/index.php?rest_route=\/wp\/v2\/posts\/712","targetHints":{"allow":["GET"]}}],"collection":[{"href":"https:\/\/wspomozycielka-lodz.pl\/index.php?rest_route=\/wp\/v2\/posts"}],"about":[{"href":"https:\/\/wspomozycielka-lodz.pl\/index.php?rest_route=\/wp\/v2\/types\/post"}],"author":[{"embeddable":true,"href":"https:\/\/wspomozycielka-lodz.pl\/index.php?rest_route=\/wp\/v2\/users\/2"}],"replies":[{"embeddable":true,"href":"https:\/\/wspomozycielka-lodz.pl\/index.php?rest_route=%2Fwp%2Fv2%2Fcomments&post=712"}],"version-history":[{"count":1,"href":"https:\/\/wspomozycielka-lodz.pl\/index.php?rest_route=\/wp\/v2\/posts\/712\/revisions"}],"predecessor-version":[{"id":713,"href":"https:\/\/wspomozycielka-lodz.pl\/index.php?rest_route=\/wp\/v2\/posts\/712\/revisions\/713"}],"wp:featuredmedia":[{"embeddable":true,"href":"https:\/\/wspomozycielka-lodz.pl\/index.php?rest_route=\/wp\/v2\/media\/619"}],"wp:attachment":[{"href":"https:\/\/wspomozycielka-lodz.pl\/index.php?rest_route=%2Fwp%2Fv2%2Fmedia&parent=712"}],"wp:term":[{"taxonomy":"category","embeddable":true,"href":"https:\/\/wspomozycielka-lodz.pl\/index.php?rest_route=%2Fwp%2Fv2%2Fcategories&post=712"},{"taxonomy":"post_tag","embeddable":true,"href":"https:\/\/wspomozycielka-lodz.pl\/index.php?rest_route=%2Fwp%2Fv2%2Ftags&post=712"}],"curies":[{"name":"wp","href":"https:\/\/api.w.org\/{rel}","templated":true}]}}