{"id":710,"date":"2023-02-12T22:21:47","date_gmt":"2023-02-12T21:21:47","guid":{"rendered":"https:\/\/wspomozycielka-lodz.pl\/?p=710"},"modified":"2023-02-12T22:21:47","modified_gmt":"2023-02-12T21:21:47","slug":"ogloszenia-parafialne-12-02-2023","status":"publish","type":"post","link":"https:\/\/wspomozycielka-lodz.pl\/?p=710","title":{"rendered":"OG\u0141OSZENIA PARAFIALNE (12.02.2023)"},"content":{"rendered":"\n<p>1. W naszej wsp\u00f3lnocie parafialnej witamy naszego wsp\u00f3\u0142brata dk. Jacka Banasiuka, kt\u00f3ry w miniony poniedzia\u0142ek rozpocz\u0105\u0142 swoj\u0105 praktyk\u0119 diako\u0144sk\u0105 i pozostanie u nas do pocz\u0105tku maja.<\/p>\n\n\n\n<p>2. We wtorek po Mszy wieczornej spotkanie z rozwa\u017caniem S\u0142owa Bo\u017cego.<\/p>\n\n\n\n<p>3. W \u015brod\u0119 rozpoczynamy nowenn\u0119 do Maryi Wspomo\u017cycielki o godz. 17.40.<\/p>\n\n\n\n<p>4. W czwartek po Mszy wieczornej adoracja Naj\u015bwi\u0119tszego Sakramentu.<\/p>\n\n\n\n<p>5. W pi\u0105tek na Mszy wieczornej b\u0119dziemy si\u0119 modli\u0107 w intencji ks. Juliana Dzier\u017caka z okazji jego imienin.<\/p>\n\n\n\n<p>6. W przysz\u0142\u0105 niedziel\u0119 zapraszamy kandydat\u00f3w do bierzmowania z kl. I na Msz\u0119 o godz. 10.00, a z klas VII i VIII na Msz\u0119 o 11.30.<\/p>\n\n\n\n<p>7. W dniach 16-17 lutego w naszej wsp\u00f3lnocie zakonnej przeprowadzi wizytacj\u0119 kanoniczn\u0105 prze\u0142o\u017cony warszawskiej inspektorii salezjan\u00f3w ks. Tadeusz Jarecki. <\/p>\n\n\n\n<p>8. Zgodnie z zarz\u0105dzeniem Ksi\u0119dza Arcybiskupa dzi\u015b przeprowadzona jest zbi\u00f3rka ofiar do puszek w ramach akcji \u201eSolidarni z Aleppo\u201d, zwi\u0105zana z trz\u0119sieniem ziemi, jakie mia\u0142o miejsce w poniedzia\u0142ek w Turcji i w Syrii.<\/p>\n","protected":false},"excerpt":{"rendered":"<p>1. W naszej wsp\u00f3lnocie parafialnej witamy naszego wsp\u00f3\u0142brata dk. Jacka Banasiuka, kt\u00f3ry w miniony poniedzia\u0142ek rozpocz\u0105\u0142 swoj\u0105 praktyk\u0119 diako\u0144sk\u0105 i pozostanie u nas do pocz\u0105tku maja. 2. We wtorek po Mszy wieczornej spotkanie z rozwa\u017caniem S\u0142owa Bo\u017cego. 3. W \u015brod\u0119 rozpoczynamy nowenn\u0119 do Maryi Wspomo\u017cycielki o godz. 17.40. 4. W [&hellip;]<\/p>\n","protected":false},"author":2,"featured_media":619,"comment_status":"open","ping_status":"open","sticky":false,"template":"","format":"standard","meta":{"footnotes":""},"categories":[2],"tags":[],"class_list":["post-710","post","type-post","status-publish","format-standard","has-post-thumbnail","hentry","category-aktualnosci"],"_links":{"self":[{"href":"https:\/\/wspomozycielka-lodz.pl\/index.php?rest_route=\/wp\/v2\/posts\/710","targetHints":{"allow":["GET"]}}],"collection":[{"href":"https:\/\/wspomozycielka-lodz.pl\/index.php?rest_route=\/wp\/v2\/posts"}],"about":[{"href":"https:\/\/wspomozycielka-lodz.pl\/index.php?rest_route=\/wp\/v2\/types\/post"}],"author":[{"embeddable":true,"href":"https:\/\/wspomozycielka-lodz.pl\/index.php?rest_route=\/wp\/v2\/users\/2"}],"replies":[{"embeddable":true,"href":"https:\/\/wspomozycielka-lodz.pl\/index.php?rest_route=%2Fwp%2Fv2%2Fcomments&post=710"}],"version-history":[{"count":1,"href":"https:\/\/wspomozycielka-lodz.pl\/index.php?rest_route=\/wp\/v2\/posts\/710\/revisions"}],"predecessor-version":[{"id":711,"href":"https:\/\/wspomozycielka-lodz.pl\/index.php?rest_route=\/wp\/v2\/posts\/710\/revisions\/711"}],"wp:featuredmedia":[{"embeddable":true,"href":"https:\/\/wspomozycielka-lodz.pl\/index.php?rest_route=\/wp\/v2\/media\/619"}],"wp:attachment":[{"href":"https:\/\/wspomozycielka-lodz.pl\/index.php?rest_route=%2Fwp%2Fv2%2Fmedia&parent=710"}],"wp:term":[{"taxonomy":"category","embeddable":true,"href":"https:\/\/wspomozycielka-lodz.pl\/index.php?rest_route=%2Fwp%2Fv2%2Fcategories&post=710"},{"taxonomy":"post_tag","embeddable":true,"href":"https:\/\/wspomozycielka-lodz.pl\/index.php?rest_route=%2Fwp%2Fv2%2Ftags&post=710"}],"curies":[{"name":"wp","href":"https:\/\/api.w.org\/{rel}","templated":true}]}}