{"id":708,"date":"2023-02-04T15:53:00","date_gmt":"2023-02-04T14:53:00","guid":{"rendered":"https:\/\/wspomozycielka-lodz.pl\/?p=708"},"modified":"2023-02-04T15:53:00","modified_gmt":"2023-02-04T14:53:00","slug":"ogloszenia-parafialne-5-02-2023","status":"publish","type":"post","link":"https:\/\/wspomozycielka-lodz.pl\/?p=708","title":{"rendered":"OG\u0141OSZENIA PARAFIALNE (5.02.2023)"},"content":{"rendered":"\n<p>1. We wtorek po Mszy wieczornej spotkanie z rozwa\u017caniem S\u0142owa Bo\u017cego.<\/p>\n\n\n\n<p>2. W czwartek po Mszy wieczornej adoracja Naj\u015bwi\u0119tszego Sakramentu. <\/p>\n\n\n\n<p>3. W sobot\u0119, we wspomnienie Matki Bo\u017cej z Lourdes, obchodzony jest \u015awiatowy Dzie\u0144 Chorego, ustanowiony przez \u015bw. Jana Paw\u0142a II. W tym dniu b\u0119dzie dodatkowa Msza \u015bw. o godz. 12.00. Podczas wszystkich Mszy \u015bwi\u0119tych b\u0119dzie udzielany sakrament chorych.<\/p>\n","protected":false},"excerpt":{"rendered":"<p>1. We wtorek po Mszy wieczornej spotkanie z rozwa\u017caniem S\u0142owa Bo\u017cego. 2. W czwartek po Mszy wieczornej adoracja Naj\u015bwi\u0119tszego Sakramentu. 3. W sobot\u0119, we wspomnienie Matki Bo\u017cej z Lourdes, obchodzony jest \u015awiatowy Dzie\u0144 Chorego, ustanowiony przez \u015bw. Jana Paw\u0142a II. W tym dniu b\u0119dzie dodatkowa Msza \u015bw. o godz. 12.00. [&hellip;]<\/p>\n","protected":false},"author":2,"featured_media":619,"comment_status":"open","ping_status":"open","sticky":false,"template":"","format":"standard","meta":{"footnotes":""},"categories":[2],"tags":[],"class_list":["post-708","post","type-post","status-publish","format-standard","has-post-thumbnail","hentry","category-aktualnosci"],"_links":{"self":[{"href":"https:\/\/wspomozycielka-lodz.pl\/index.php?rest_route=\/wp\/v2\/posts\/708","targetHints":{"allow":["GET"]}}],"collection":[{"href":"https:\/\/wspomozycielka-lodz.pl\/index.php?rest_route=\/wp\/v2\/posts"}],"about":[{"href":"https:\/\/wspomozycielka-lodz.pl\/index.php?rest_route=\/wp\/v2\/types\/post"}],"author":[{"embeddable":true,"href":"https:\/\/wspomozycielka-lodz.pl\/index.php?rest_route=\/wp\/v2\/users\/2"}],"replies":[{"embeddable":true,"href":"https:\/\/wspomozycielka-lodz.pl\/index.php?rest_route=%2Fwp%2Fv2%2Fcomments&post=708"}],"version-history":[{"count":1,"href":"https:\/\/wspomozycielka-lodz.pl\/index.php?rest_route=\/wp\/v2\/posts\/708\/revisions"}],"predecessor-version":[{"id":709,"href":"https:\/\/wspomozycielka-lodz.pl\/index.php?rest_route=\/wp\/v2\/posts\/708\/revisions\/709"}],"wp:featuredmedia":[{"embeddable":true,"href":"https:\/\/wspomozycielka-lodz.pl\/index.php?rest_route=\/wp\/v2\/media\/619"}],"wp:attachment":[{"href":"https:\/\/wspomozycielka-lodz.pl\/index.php?rest_route=%2Fwp%2Fv2%2Fmedia&parent=708"}],"wp:term":[{"taxonomy":"category","embeddable":true,"href":"https:\/\/wspomozycielka-lodz.pl\/index.php?rest_route=%2Fwp%2Fv2%2Fcategories&post=708"},{"taxonomy":"post_tag","embeddable":true,"href":"https:\/\/wspomozycielka-lodz.pl\/index.php?rest_route=%2Fwp%2Fv2%2Ftags&post=708"}],"curies":[{"name":"wp","href":"https:\/\/api.w.org\/{rel}","templated":true}]}}