{"id":706,"date":"2023-01-28T11:43:46","date_gmt":"2023-01-28T10:43:46","guid":{"rendered":"https:\/\/wspomozycielka-lodz.pl\/?p=706"},"modified":"2023-01-28T11:43:46","modified_gmt":"2023-01-28T10:43:46","slug":"ogloszenia-parafialne-29-01-2023","status":"publish","type":"post","link":"https:\/\/wspomozycielka-lodz.pl\/?p=706","title":{"rendered":"OG\u0141OSZENIA PARAFIALNE (29.01.2023)"},"content":{"rendered":"\n<p>1. Nowenna przed uroczysto\u015bci\u0105 \u015bw. Jana Bosko o godz. 17.40.<\/p>\n\n\n\n<p>2. We wtorek obchodzimy uroczysto\u015b\u0107 odpustow\u0105 \u015bw. Jana Bosko, za\u0142o\u017cyciela Zgromadzenia Salezja\u0144skiego i ca\u0142ej Rodziny Salezja\u0144skiej. O godz. 17.30 modlitwa r\u00f3\u017ca\u0144cowa, a po niej uroczysta Eucharystia.<\/p>\n\n\n\n<p>3. W \u015brod\u0119 przypada dzie\u0144 modlitwy za wszystkich zmar\u0142ych Salezjan\u00f3w. Po Mszy wieczornej spotkanie wsp\u00f3lnoty Wieczernika modlitwy za kap\u0142an\u00f3w.<\/p>\n\n\n\n<p>4. W czwartek obchodzimy \u015bwi\u0119to Ofiarowania Pa\u0144skiego, zwane tradycyjnie \u015bwi\u0119tem Matki Bo\u017cej Gromnicznej. Na ka\u017cdej Mszy \u015bw. po\u015bwi\u0119cimy gromnice przyniesione do ko\u015bcio\u0142a. Z ustanowienia papie\u017ca Jana Paw\u0142a II jest to te\u017c Dzie\u0144 \u017bycia Konsekrowanego. Ofiary sk\u0142adane w tym dniu przeznaczone s\u0105 na pomoc zakonom kontemplacyjnym. Z racji pierwszego czwartku na Mszy wieczornej b\u0119dziemy si\u0119 modli\u0107 za kap\u0142an\u00f3w pos\u0142uguj\u0105cych w naszej parafii i o nowe powo\u0142ania. Wyj\u0105tkowo w najbli\u017cszy czwartek nie b\u0119dzie adoracji Naj\u015bwi\u0119tszego Sakramentu, gdy\u017c po Mszy wieczornej zapraszamy na koncert kol\u0119d w wykonaniu uczni\u00f3w Salezja\u0144skiej Szko\u0142y Muzycznej w Lutomiersku. Po koncercie rozbierzemy dekoracje \u015bwi\u0105teczne, mile widziana pomoc.<\/p>\n\n\n\n<p>5. W pi\u0105tek o godz. 15.00 Godzina Mi\u0142osierdzia i adoracja Naj\u015bwi\u0119tszego Sakramentu. Po Mszy wieczornej spotkanie wsp\u00f3lnoty Stra\u017cy Honorowej NSPJ.<\/p>\n\n\n\n<p>6. W sobot\u0119 po Mszy porannej nabo\u017ce\u0144stwo i wymiana tajemnic r\u00f3\u017ca\u0144cowych, a po Mszy wieczornej o godz. 19.00 r\u00f3\u017caniec prowadzony przez wsp\u00f3lnot\u0119 \u017bywego R\u00f3\u017ca\u0144ca.<\/p>\n\n\n\n<p>7. W przysz\u0142\u0105 niedziel\u0119 na Mszy \u015bw. o godz. 10.00 troje aspirant\u00f3w z\u0142o\u017cy przyrzeczenia i zostanie w\u0142\u0105czonych do Stowarzyszenia Salezjan\u00f3w Wsp\u00f3\u0142pracownik\u00f3w. Z tej racji spotkanie Salezjan\u00f3w Wsp\u00f3\u0142pracownik\u00f3w b\u0119dzie w przysz\u0142\u0105 niedziel\u0119 po Mszy o godz. 10.00.<\/p>\n\n\n\n<p>8. W przysz\u0142\u0105 niedziel\u0119 po Mszy o godz. 10.00 przy sklepiku b\u0119d\u0105 wystawione kroniki parafialne, kt\u00f3re b\u0119dzie mo\u017cna poogl\u0105da\u0107 i powspomina\u0107 dawne czasy.<\/p>\n\n\n\n<p>9. Dzi\u015b mo\u017cna z\u0142o\u017cy\u0107 ofiar\u0119 do puszki na Radio Maryja. <\/p>\n\n\n\n<p>10. Z naszej wsp\u00f3lnoty parafialnej do wieczno\u015bci odesz\u0142a: Barbara Musia\u0142, lat 84. <em>Wieczny odpoczynek racz jej da\u0107, Panie<\/em>\u2026<\/p>\n","protected":false},"excerpt":{"rendered":"<p>1. Nowenna przed uroczysto\u015bci\u0105 \u015bw. Jana Bosko o godz. 17.40. 2. We wtorek obchodzimy uroczysto\u015b\u0107 odpustow\u0105 \u015bw. Jana Bosko, za\u0142o\u017cyciela Zgromadzenia Salezja\u0144skiego i ca\u0142ej Rodziny Salezja\u0144skiej. O godz. 17.30 modlitwa r\u00f3\u017ca\u0144cowa, a po niej uroczysta Eucharystia. 3. W \u015brod\u0119 przypada dzie\u0144 modlitwy za wszystkich zmar\u0142ych Salezjan\u00f3w. Po Mszy wieczornej spotkanie [&hellip;]<\/p>\n","protected":false},"author":2,"featured_media":619,"comment_status":"open","ping_status":"open","sticky":false,"template":"","format":"standard","meta":{"footnotes":""},"categories":[2],"tags":[],"class_list":["post-706","post","type-post","status-publish","format-standard","has-post-thumbnail","hentry","category-aktualnosci"],"_links":{"self":[{"href":"https:\/\/wspomozycielka-lodz.pl\/index.php?rest_route=\/wp\/v2\/posts\/706","targetHints":{"allow":["GET"]}}],"collection":[{"href":"https:\/\/wspomozycielka-lodz.pl\/index.php?rest_route=\/wp\/v2\/posts"}],"about":[{"href":"https:\/\/wspomozycielka-lodz.pl\/index.php?rest_route=\/wp\/v2\/types\/post"}],"author":[{"embeddable":true,"href":"https:\/\/wspomozycielka-lodz.pl\/index.php?rest_route=\/wp\/v2\/users\/2"}],"replies":[{"embeddable":true,"href":"https:\/\/wspomozycielka-lodz.pl\/index.php?rest_route=%2Fwp%2Fv2%2Fcomments&post=706"}],"version-history":[{"count":1,"href":"https:\/\/wspomozycielka-lodz.pl\/index.php?rest_route=\/wp\/v2\/posts\/706\/revisions"}],"predecessor-version":[{"id":707,"href":"https:\/\/wspomozycielka-lodz.pl\/index.php?rest_route=\/wp\/v2\/posts\/706\/revisions\/707"}],"wp:featuredmedia":[{"embeddable":true,"href":"https:\/\/wspomozycielka-lodz.pl\/index.php?rest_route=\/wp\/v2\/media\/619"}],"wp:attachment":[{"href":"https:\/\/wspomozycielka-lodz.pl\/index.php?rest_route=%2Fwp%2Fv2%2Fmedia&parent=706"}],"wp:term":[{"taxonomy":"category","embeddable":true,"href":"https:\/\/wspomozycielka-lodz.pl\/index.php?rest_route=%2Fwp%2Fv2%2Fcategories&post=706"},{"taxonomy":"post_tag","embeddable":true,"href":"https:\/\/wspomozycielka-lodz.pl\/index.php?rest_route=%2Fwp%2Fv2%2Ftags&post=706"}],"curies":[{"name":"wp","href":"https:\/\/api.w.org\/{rel}","templated":true}]}}