{"id":703,"date":"2023-01-21T16:13:31","date_gmt":"2023-01-21T15:13:31","guid":{"rendered":"https:\/\/wspomozycielka-lodz.pl\/?p=703"},"modified":"2023-01-24T14:43:11","modified_gmt":"2023-01-24T13:43:11","slug":"ogloszenia-parafialne-22-01-2023","status":"publish","type":"post","link":"https:\/\/wspomozycielka-lodz.pl\/?p=703","title":{"rendered":"OG\u0141OSZENIA PARAFIALNE (22.01.2023)"},"content":{"rendered":"\n<p>1. Dzi\u015b rozpoczynamy nowenn\u0119 przed uroczysto\u015bci\u0105 \u015bw. Jana Bosko o godz. 17.30, kt\u00f3r\u0105 po\u0142\u0105czymy z nowenn\u0105 do Maryi Wspomo\u017cycielki.<\/p>\n\n\n\n<p>2. We wtorek obchodzimy \u015bwi\u0119to \u015bw. Franciszka Salezego, patrona Zgromadzenia Salezja\u0144skiego. O godz. 17.00 ho\u0142d ku czci Maryi Wspomo\u017cycielki i nowenna przed uroczysto\u015bci\u0105 \u015bw. Jana Bosko.<\/p>\n\n\n\n<p>3. Od \u015brody nowenna przed uroczysto\u015bci\u0105 \u015bw. Jana Bosko o godz. 17.40.<\/p>\n\n\n\n<p>4. W czwartek po Mszy \u015bw. wieczornej adoracja Naj\u015bwi\u0119tszego Sakramentu. <\/p>\n\n\n\n<p>5. Z naszej wsp\u00f3lnoty parafialnej do wieczno\u015bci odszed\u0142: Dariusz Reczulski, lat 55. <em>Wieczny odpoczynek racz mu da\u0107, Panie<\/em>\u2026<\/p>\n","protected":false},"excerpt":{"rendered":"<p>1. Dzi\u015b rozpoczynamy nowenn\u0119 przed uroczysto\u015bci\u0105 \u015bw. Jana Bosko o godz. 17.30, kt\u00f3r\u0105 po\u0142\u0105czymy z nowenn\u0105 do Maryi Wspomo\u017cycielki. 2. We wtorek obchodzimy \u015bwi\u0119to \u015bw. Franciszka Salezego, patrona Zgromadzenia Salezja\u0144skiego. O godz. 17.00 ho\u0142d ku czci Maryi Wspomo\u017cycielki i nowenna przed uroczysto\u015bci\u0105 \u015bw. Jana Bosko. 3. Od \u015brody nowenna przed [&hellip;]<\/p>\n","protected":false},"author":2,"featured_media":619,"comment_status":"open","ping_status":"open","sticky":false,"template":"","format":"standard","meta":{"footnotes":""},"categories":[2],"tags":[],"class_list":["post-703","post","type-post","status-publish","format-standard","has-post-thumbnail","hentry","category-aktualnosci"],"_links":{"self":[{"href":"https:\/\/wspomozycielka-lodz.pl\/index.php?rest_route=\/wp\/v2\/posts\/703","targetHints":{"allow":["GET"]}}],"collection":[{"href":"https:\/\/wspomozycielka-lodz.pl\/index.php?rest_route=\/wp\/v2\/posts"}],"about":[{"href":"https:\/\/wspomozycielka-lodz.pl\/index.php?rest_route=\/wp\/v2\/types\/post"}],"author":[{"embeddable":true,"href":"https:\/\/wspomozycielka-lodz.pl\/index.php?rest_route=\/wp\/v2\/users\/2"}],"replies":[{"embeddable":true,"href":"https:\/\/wspomozycielka-lodz.pl\/index.php?rest_route=%2Fwp%2Fv2%2Fcomments&post=703"}],"version-history":[{"count":2,"href":"https:\/\/wspomozycielka-lodz.pl\/index.php?rest_route=\/wp\/v2\/posts\/703\/revisions"}],"predecessor-version":[{"id":705,"href":"https:\/\/wspomozycielka-lodz.pl\/index.php?rest_route=\/wp\/v2\/posts\/703\/revisions\/705"}],"wp:featuredmedia":[{"embeddable":true,"href":"https:\/\/wspomozycielka-lodz.pl\/index.php?rest_route=\/wp\/v2\/media\/619"}],"wp:attachment":[{"href":"https:\/\/wspomozycielka-lodz.pl\/index.php?rest_route=%2Fwp%2Fv2%2Fmedia&parent=703"}],"wp:term":[{"taxonomy":"category","embeddable":true,"href":"https:\/\/wspomozycielka-lodz.pl\/index.php?rest_route=%2Fwp%2Fv2%2Fcategories&post=703"},{"taxonomy":"post_tag","embeddable":true,"href":"https:\/\/wspomozycielka-lodz.pl\/index.php?rest_route=%2Fwp%2Fv2%2Ftags&post=703"}],"curies":[{"name":"wp","href":"https:\/\/api.w.org\/{rel}","templated":true}]}}