{"id":701,"date":"2023-01-21T16:12:23","date_gmt":"2023-01-21T15:12:23","guid":{"rendered":"https:\/\/wspomozycielka-lodz.pl\/?p=701"},"modified":"2023-01-21T16:12:24","modified_gmt":"2023-01-21T15:12:24","slug":"sprawozdanie-parafialne-za-rok-2022","status":"publish","type":"post","link":"https:\/\/wspomozycielka-lodz.pl\/?p=701","title":{"rendered":"SPRAWOZDANIE PARAFIALNE ZA ROK 2022"},"content":{"rendered":"\n<p>Parafia nasza wed\u0142ug Urz\u0119du Skarbowego w roku 2022 liczy\u0142a 6330 os\u00f3b. Jesienne liczenie uczestnicz\u0105cych w Mszach \u015bwi\u0119tych wynios\u0142o 8%, czyli nieco wzros\u0142o.<\/p>\n\n\n\n<p>\u017bycie sakramentalne, opr\u00f3cz Eucharystii i spowiedzi, wygl\u0105da\u0142o nast\u0119puj\u0105co:<\/p>\n\n\n\n<ul class=\"wp-block-list\"><li>Sakrament chrztu \u015bwi\u0119tego przyj\u0119\u0142o 37 dzieci.<\/li><li>Do pierwszej spowiedzi i Komunii \u015awi\u0119tej przyst\u0105pi\u0142o 20 dzieci. W dalszym ci\u0105gu musze ze smutkiem stwierdzi\u0107, \u017ce Jezus nie znalaz\u0142 trwa\u0142ej go\u015bciny w sercach dzieci, bo rodzice w wi\u0119kszo\u015bci nie dbaj\u0105 o to, \u017ceby potem dzieci przyst\u0119powa\u0142y do spowiedzi i uczestniczy\u0142y w mszach. W ramach Komunii organizowanych przez nasz\u0105 szko\u0142\u0119 salezja\u0144sk\u0105 56 dzieci przyj\u0119\u0142o ten sakrament po raz pierwszy. Dzi\u0119kuj\u0119 pani katechetce Iwonie Pogodzie-Majce, kt\u00f3ra przygotowuje dzieci do Komunii w parafii, oraz ks. Paw\u0142owi Szczepa\u0144skiemu, kt\u00f3ry przygotowuje dzieci do Komunii w szkole salezja\u0144skiej.<\/li><li>Sakrament bierzmowania przyj\u0119\u0142o 20 os\u00f3b z parafii i szk\u00f3\u0142 salezja\u0144skich. Dzi\u0119kuj\u0119 za zaanga\u017cowanie w formacj\u0119 kandydat\u00f3w do tego sakramentu ks. Dariuszowi Husakowi i ks. Piotrowi Szlufikowi oraz wszystkim katechetom.<\/li><li>Sakrament ma\u0142\u017ce\u0144stwa przyj\u0119\u0142o 9 par.<\/li><li>W minionym roku z pos\u0142ug\u0105 sakramentaln\u0105 odwiedzali\u015bmy 7 chorych z naszej parafii. Je\u015bli s\u0105 w naszych rodzinach chorzy, kt\u00f3rzy potrzebuj\u0105 i pragn\u0105 duchowego wsparcia, prosz\u0119 o zg\u0142oszenie takiej osoby, aby w pierwszy pi\u0105tek miesi\u0105ca kap\u0142an m\u00f3g\u0142 jej zanie\u015b\u0107 Komuni\u0119 \u015bw.<\/li><\/ul>\n\n\n\n<p>Zn\u00f3w zmniejszy\u0142a si\u0119 liczba pogrzeb\u00f3w, kt\u00f3rych by\u0142o 44. Do domu Ojca w niebie odszed\u0142 w minionym roku ks. Ludwik Kali\u0144ski, by\u0142y proboszcz tej parafii. Pi\u0119kne jest to, \u017ce wiele os\u00f3b wyra\u017ca swoj\u0105 pami\u0119\u0107 o nich w modlitwie, w intencjach mszalnych czy wypominkach. Przypominam, \u017ce w ka\u017cdy pierwszy wtorek miesi\u0105ca odprawiamy wieczorem Msz\u0119 \u015bw. za tych wszystkich zmar\u0142ych, kt\u00f3rych polecali\u015bmy w wypominkach. Warto zatroszczy\u0107 si\u0119, aby w czasie pogrzebu przyj\u0105\u0107 Komuni\u0119 \u015bw., bo smutny jest widok, jak czasem nikt, nawet z najbli\u017cszej rodziny, nie przyjmuje jej.<\/p>\n\n\n\n<p>Rok duszpasterski sk\u0142ada si\u0119 zasadniczo z codziennej wierno\u015bci wyra\u017canej w uczestnictwo na Eucharystii i na nabo\u017ce\u0144stwach. Ze szczeg\u00f3lnych wydarze\u0144, kt\u00f3re warto wspomnie\u0107 to:<\/p>\n\n\n\n<ul class=\"wp-block-list\"><li>W Wielkim Po\u015bcie i Adwencie prze\u017cywali\u015bmy dzie\u0144 skupienia wszystkich wsp\u00f3lnot i grup parafialnych, kt\u00f3ry s\u0142u\u017cy nawr\u00f3ceniu i integracji.<\/li><li>24 maja Mszy odpustowej w uroczysto\u015b\u0107 Matki Bo\u017cej Wspomo\u017cenia Wiernych przewodniczy\u0142 ks. Adam Wtulich, proboszcz parafii \u015bw. Teresy od Dzieci\u0105tka Jezus i prze\u0142o\u017cony wsp\u00f3lnoty salezja\u0144skiej na Kopci\u0144skiego.<\/li><li>5 czerwca mia\u0142 miejsce jubileusz 25-lecia kap\u0142a\u0144stwa ks. Waldemara Trendziuka, by\u0142ego proboszcza naszej parafii.<\/li><li>18 czerwca prze\u017cywali\u015bmy uroczysto\u015bci jubileuszowe stulecia salezjan\u00f3w na Wodnej. Mszy \u015bw. przewodniczy\u0142 ks. abp Grzegorz Ry\u015b, a po niej by\u0142 festyn.<\/li><li>10 wrze\u015bnia Msz\u0105 \u015bw. pod przewodnictwem ks. abpa Grzegorza Rysia w naszym ko\u015bciele rozpocz\u0119\u0142o si\u0119 tzw. Jerycho rowerowe.<\/li><li>19 pa\u017adziernika odby\u0142o si\u0119 spotkanie Rady parafialnej.<\/li><li>Rekolekcje parafialne g\u0142osili salezjanie: wielkopostne ks. Dariusz Miko\u0142ajczyk z Mi\u0144ska Mazowieckiego oraz adwentowe ks. Adrian Arkita z Warszawy.<\/li><li>W grudniu wr\u00f3cili\u015bmy do tradycji spotka\u0144 wigilijnych dla os\u00f3b samotnych i potrzebuj\u0105cych, podczas kt\u00f3rych zosta\u0142y te\u017c ofiarowane dary, przyniesione przez uczni\u00f3w i rodzic\u00f3w szko\u0142y salezja\u0144skiej oraz poszczeg\u00f3lnych parafian i inne osoby.<\/li><\/ul>\n\n\n\n<p>Dzi\u0119kuj\u0119 wszystkim, kt\u00f3rzy przyjmuj\u0105 kap\u0142an\u00f3w do swojego domu w ramach wizyty duszpasterskiej za otwarto\u015b\u0107, szczero\u015b\u0107, zaufanie i \u017cyczliwo\u015b\u0107, a tak\u017ce r\u00f3\u017cne sugestie.<\/p>\n\n\n\n<p>Dzi\u0119kuj\u0119 wszystkim zaanga\u017cowanych w funkcjonowanie naszej parafii:<\/p>\n\n\n\n<ul class=\"wp-block-list\"><li>pani Ewie Pakulskiej, kt\u00f3ra prowadzi sklepik parafialny oraz dba o prezbiterium i wystr\u00f3j ko\u015bcio\u0142a<\/li><li>pani Bo\u017cennie Trojanowskiej, kt\u00f3ra troszczy si\u0119 o ksi\u0119gi parafialne i kronik\u0119 parafii<\/li><li>panu Aleksandrowi B\u0142awatowi, kt\u00f3ry pe\u0142ni funkcj\u0119 ko\u015bcielnego<\/li><li>panu Rados\u0142awowi Kowalczykowi, kt\u00f3ry pe\u0142ni funkcj\u0119 organisty<\/li><li>wszystkim paniom i panom anga\u017cuj\u0105cym si\u0119 w przygotowanie do uroczysto\u015bci Bo\u017cego Cia\u0142a i Bo\u017cego Narodzenia. Dzi\u0119kuj\u0119 szczeg\u00f3lnie panu Wies\u0142awowi Krakowiakowi i panu Piotrowi Kie\u0142kowi za nowe podesty do o\u0142tarzy na Bo\u017ce Cia\u0142o<\/li><li>panu Paw\u0142owi Mastalerzowi za prace wykonane na balkonach oraz liczne inicjatywy<\/li><li>panu Piotrowi B\u0142aszczykowi, wychowawcy 3 klasy Technikum Salezja\u0144skiego, za naprawy w szopce<\/li><li>panu Ireneuszowi Troci\u0144skiemu i panu Mateuszowi Piechocie za prace remontowe przy oknach w zakrystii<\/li><li>panu Leszkowi Alfsowi za pomoc w wielu momentach<\/li><li>panu Tomaszowi Kusykowi za sta\u0142\u0105 pomoc w Bo\u017ce Cia\u0142o, a tak\u017ce w czasie remont\u00f3w w zesz\u0142ym roku<\/li><li>panu Eugeniuszowi Wola\u0144skiemu za regularn\u0105 \u017cyczliw\u0105 pomoc<\/li><li>panu Micha\u0142owi Pieczewskiemu za czuwanie nad stron\u0105 internetow\u0105 parafii<\/li><li>dzi\u0119kuj\u0119 wszystkim, kt\u00f3rzy w r\u00f3\u017cnych momentach pomagaj\u0105 w naszej parafii.<\/li><\/ul>\n\n\n\n<p>Chcia\u0142bym przypomnie\u0107, \u017ce w naszej parafii mamy kilka wsp\u00f3lnot modlitewnych i formacyjnych. Przede wszystkim s\u0105 Salezjanie Wsp\u00f3\u0142pracownicy, kt\u00f3rzy nale\u017c\u0105 do Rodziny Salezja\u0144skiej. Koordynatorem lokalnym wsp\u00f3lnoty na Wodnej jest pan Mateusz Walig\u00f3rski. Na jego r\u0119ce sk\u0142adam podzi\u0119kowanie wszystkim Salezjanom Wsp\u00f3\u0142pracownikom za ich r\u00f3\u017cnorodne zaanga\u017cowanie.<\/p>\n\n\n\n<p>S\u0105 w parafii takie grupy jak: Wieczernik Modlitwy za Kap\u0142an\u00f3w, o kt\u00f3ry troszczy si\u0119 pani Janina Tomaszewska; \u017bywy R\u00f3\u017caniec, <a>kt\u00f3ry koordynuje pani <\/a>Lucyna Karos; Stra\u017c Honorowa NSPJ, kt\u00f3rej zelatork\u0105 jest pani Zofia B\u0142awat; Sodalicja Maria\u0144ska, kt\u00f3r\u0105 animuje pani Janina Rygier; grupa biblijna, kt\u00f3rej przewodzi ks. Piotr Szlufik. Dzi\u0119kuj\u0119 wszystkim odpowiedzialnym oraz cz\u0142onkom tych grup za ich aktywno\u015b\u0107. Zach\u0119cam do w\u0142\u0105czenia si\u0119 w te wsp\u00f3lnoty, a tak\u017ce do ws\u0142uchiwania si\u0119 w natchnienie Ducha \u015awi\u0119tego, aby nasza parafia rozwija\u0142a si\u0119, odpowiadaj\u0105c na konkretne potrzeby duchowe wiernych. By\u0142oby dobrze, gdyby parafia wzbogaci\u0142a si\u0119 o jakie\u015b grupy muzyczne i \u015bpiewaj\u0105ce czy o wsp\u00f3lnoty dla m\u0142odzie\u017cy oraz ma\u0142\u017ce\u0144stw i rodzin.<\/p>\n\n\n\n<p>Smuci znikoma ilo\u015b\u0107 ministrant\u00f3w w naszej parafii. Jest to niestety tak\u017ce efekt s\u0142abej frekwencji dzieci na Mszach \u015bw. Dzi\u0119kuj\u0119 tym ministrantom, kt\u00f3rzy anga\u017cuj\u0105 si\u0119 w liturgi\u0119. Zach\u0119cam do w\u0142\u0105czenia si\u0119 ch\u0142opc\u00f3w do S\u0142u\u017cby Liturgicznej. Jej opiekunem jest ks. Piotr Szlufik, za co mu dzi\u0119kuj\u0119. Zach\u0119cam tak\u017ce szczeg\u00f3lnie doros\u0142ych do anga\u017cowania si\u0119 w czytanie S\u0142owa Bo\u017cego podczas Eucharystii.<\/p>\n\n\n\n<p>Ciesz\u0119 si\u0119 z obecno\u015bci w parafii, szczeg\u00f3lnie w czwartki, naszego Oratorium \u015bw. Dominika Savio, kt\u00f3rego kierownikiem jest ks. Piotr Szlufik. Dzi\u0119kuj\u0119 za ich zaanga\u017cowanie muzyczne. Pi\u0119kne jest, \u017ce na Msze \u015bw. czy adoracje czwartkowe przychodz\u0105 wychowankowie z Bursy Salezja\u0144skiej, kt\u00f3rej kierownikiem jest ks. Andrzej Kurto. W pierwsze czwartki obecni s\u0105 tak\u017ce ministranci ze Szko\u0142y Salezja\u0144skiej \u2013 dzi\u0119kuj\u0119 za ich s\u0142u\u017cb\u0119 przy o\u0142tarzu.<\/p>\n\n\n\n<p>Dzi\u0119kuj\u0119 serdecznie wszystkim moim wsp\u00f3\u0142braciom ze wsp\u00f3lnoty \u015bw. Barbary na Wodnej, kt\u00f3rzy zawsze ch\u0119tnie i gorliwie anga\u017cuj\u0105 si\u0119 w pomoc w parafii w miar\u0119 swoich mo\u017cliwo\u015bci. Dzi\u0119kuj\u0119 zw\u0142aszcza ks. Lucjanowi D\u0105browskiemu za sta\u0142\u0105 obecno\u015b\u0107 w duszpasterstwie parafialnym, w ko\u015bciele i w kancelarii. Dzi\u0119kuj\u0119 ks. Dariuszowi Husakowi za trosk\u0119 o wielkopostne Drogi Krzy\u017cowe dla m\u0142odzie\u017cy oraz adwentowe Roraty dla dzieci i m\u0142odzie\u017cy, jak r\u00f3wnie\u017c za wszelk\u0105 pomoc i sta\u0142e zaanga\u017cowanie w parafii.<\/p>\n\n\n\n<p>Jakie inwestycje poczynili\u015bmy w naszej parafii? W 2022 roku zosta\u0142o pomalowane prezbiterium, zamontowali\u015bmy nowe drewniane drzwi pod ch\u00f3rem i do szopki, wymienili\u015bmy o\u015bwietlenie prezbiterium na mocniejsze i oszcz\u0119dniejsze, wstawili\u015bmy nowe okna w zakrystii, powiesili\u015bmy nowy po\u015bwi\u0119cony Krzy\u017c przy wej\u015bciu do ko\u015bcio\u0142a, zosta\u0142y naprawione schody wej\u015bciowe i zamontowane nowe barierki. Brat Grzegorz obi\u0142 nowym materia\u0142em wszystkie krzes\u0142a w prezbiterium oraz siedzenia w konfesjona\u0142ach, za co mu serdecznie dzi\u0119kuj\u0119. Czeka nas jeszcze pomalowanie zakrystii. Mam nadziej\u0119, \u017ce uda si\u0119 tak\u017ce uzbiera\u0107 na nowy konfesjona\u0142 zamykany.<\/p>\n\n\n\n<p>Serdecznie dzi\u0119kuj\u0119 za wszelkie ofiary sk\u0142adane na tac\u0119, do puszek, do skarbon, przy okazji wizyty duszpasterskiej czy od indywidualnych darczy\u0144c\u00f3w jako wyraz troski o t\u0119 \u015bwi\u0105tyni\u0119 i sprawowany w niej kult, o wychowanie dzieci i m\u0142odzie\u017cy oraz o potrzeby diecezji, misji i potrzebuj\u0105cych. Dzi\u0119kuj\u0119 za wszelkie dobro i \u017cyczliwo\u015b\u0107, jakie otrzymujemy w r\u00f3\u017cnych momentach. W ka\u017cd\u0105 pierwsz\u0105 \u015brod\u0119 miesi\u0105ca chcemy nasz\u0105 modlitw\u0105 odp\u0142aca\u0107 si\u0119 za Wasze dobro, dlatego odprawiamy wieczorem Msz\u0119 \u015bw. za wszystkich dobrodziej\u00f3w naszej parafii i ca\u0142ego dzie\u0142a salezja\u0144skiego na Wodnej.<\/p>\n\n\n\n<p>Je\u015bli chodzi o finanse, to rok 2022 parafia rozpocz\u0119\u0142a z sum\u0105 22 tys. z\u0142, a zako\u0144czy\u0142a z sum\u0105 28\u00a0800 z\u0142, czyli finalnie zwi\u0119kszy\u0142o si\u0119 o prawie 7 tys. z\u0142. Opr\u00f3cz wspomnianych wcze\u015bniej inwestycji, wydatki zwi\u0105zane s\u0105 zw\u0142aszcza z utrzymaniem \u015bwi\u0105tyni oraz pomoc\u0105 charytatywn\u0105. Kondycja finansowa parafii jest na razie stabilna.<\/p>\n\n\n\n<p>Zawierzam Bogu wszystkich parafian, sympatyk\u00f3w naszej \u015bwi\u0105tyni, czcicieli Maryi i przybywaj\u0105cych tu go\u015bci. Niech wstawiennictwo naszej ukochanej Matki, Niepokalanej Wspomo\u017cycielki, owocuje dla wszystkich Bo\u017cym mi\u0142osierdziem i b\u0142ogos\u0142awie\u0144stwem. Zach\u0119cam szczeg\u00f3lnie do modlitwy od 15 do 23 dnia ka\u017cdego miesi\u0105ca w czasie nowenny oraz ho\u0142du ku Jej czci 24 dnia miesi\u0105ca.<\/p>\n\n\n\n<p>Ko\u0144cz\u0119 s\u0142owami z Pierwszego Listu \u015awi\u0119tego Paw\u0142a Aposto\u0142a do Koryntian: \u0141aska wam i pok\u00f3j od Boga Ojca naszego i Pana Jezusa Chrystusa!<\/p>\n\n\n\n<p>Ks. Przemys\u0142aw Solarski \u2013 proboszcz<\/p>\n","protected":false},"excerpt":{"rendered":"<p>Parafia nasza wed\u0142ug Urz\u0119du Skarbowego w roku 2022 liczy\u0142a 6330 os\u00f3b. Jesienne liczenie uczestnicz\u0105cych w Mszach \u015bwi\u0119tych wynios\u0142o 8%, czyli nieco wzros\u0142o. \u017bycie sakramentalne, opr\u00f3cz Eucharystii i spowiedzi, wygl\u0105da\u0142o nast\u0119puj\u0105co: Sakrament chrztu \u015bwi\u0119tego przyj\u0119\u0142o 37 dzieci. Do pierwszej spowiedzi i Komunii \u015awi\u0119tej przyst\u0105pi\u0142o 20 dzieci. W dalszym ci\u0105gu musze ze [&hellip;]<\/p>\n","protected":false},"author":2,"featured_media":246,"comment_status":"open","ping_status":"open","sticky":false,"template":"","format":"standard","meta":{"footnotes":""},"categories":[2],"tags":[],"class_list":["post-701","post","type-post","status-publish","format-standard","has-post-thumbnail","hentry","category-aktualnosci"],"_links":{"self":[{"href":"https:\/\/wspomozycielka-lodz.pl\/index.php?rest_route=\/wp\/v2\/posts\/701","targetHints":{"allow":["GET"]}}],"collection":[{"href":"https:\/\/wspomozycielka-lodz.pl\/index.php?rest_route=\/wp\/v2\/posts"}],"about":[{"href":"https:\/\/wspomozycielka-lodz.pl\/index.php?rest_route=\/wp\/v2\/types\/post"}],"author":[{"embeddable":true,"href":"https:\/\/wspomozycielka-lodz.pl\/index.php?rest_route=\/wp\/v2\/users\/2"}],"replies":[{"embeddable":true,"href":"https:\/\/wspomozycielka-lodz.pl\/index.php?rest_route=%2Fwp%2Fv2%2Fcomments&post=701"}],"version-history":[{"count":1,"href":"https:\/\/wspomozycielka-lodz.pl\/index.php?rest_route=\/wp\/v2\/posts\/701\/revisions"}],"predecessor-version":[{"id":702,"href":"https:\/\/wspomozycielka-lodz.pl\/index.php?rest_route=\/wp\/v2\/posts\/701\/revisions\/702"}],"wp:featuredmedia":[{"embeddable":true,"href":"https:\/\/wspomozycielka-lodz.pl\/index.php?rest_route=\/wp\/v2\/media\/246"}],"wp:attachment":[{"href":"https:\/\/wspomozycielka-lodz.pl\/index.php?rest_route=%2Fwp%2Fv2%2Fmedia&parent=701"}],"wp:term":[{"taxonomy":"category","embeddable":true,"href":"https:\/\/wspomozycielka-lodz.pl\/index.php?rest_route=%2Fwp%2Fv2%2Fcategories&post=701"},{"taxonomy":"post_tag","embeddable":true,"href":"https:\/\/wspomozycielka-lodz.pl\/index.php?rest_route=%2Fwp%2Fv2%2Ftags&post=701"}],"curies":[{"name":"wp","href":"https:\/\/api.w.org\/{rel}","templated":true}]}}