{"id":699,"date":"2023-01-14T21:20:26","date_gmt":"2023-01-14T20:20:26","guid":{"rendered":"https:\/\/wspomozycielka-lodz.pl\/?p=699"},"modified":"2023-01-14T21:20:27","modified_gmt":"2023-01-14T20:20:27","slug":"ogloszenia-parafialne-15-01-2023","status":"publish","type":"post","link":"https:\/\/wspomozycielka-lodz.pl\/?p=699","title":{"rendered":"OG\u0141OSZENIA PARAFIALNE (15.01.2023)"},"content":{"rendered":"\n<p>1. Dzi\u015b rozpoczynamy nowenn\u0119 do Maryi Wspomo\u017cycielki o godz. 17.40.<\/p>\n\n\n\n<p>2. W czwartek po Mszy \u015bw. wieczornej adoracja Naj\u015bwi\u0119tszego Sakramentu.<\/p>\n\n\n\n<p>3. W sobot\u0119 o godz. 10.00 b\u0119dzie spotkanie op\u0142atkowe Salezjan\u00f3w Wsp\u00f3\u0142pracownik\u00f3w z ca\u0142ej warszawskiej prowincji.<\/p>\n\n\n\n<p>4. Stowarzyszenie Oratorium im. \u015bw. Dominika Savio w \u0141odzi serdecznie zaprasza wszystkich cz\u0142onk\u00f3w na spotkanie op\u0142atkowo-noworoczne, kt\u00f3re odb\u0119dzie si\u0119 w przysz\u0142\u0105 niedziel\u0119 22 stycznia: o godz. 11.30 Msza \u015bw., a po niej spotkanie w sali Salezja\u0144skich Szk\u00f3\u0142 Rzemios\u0142. <\/p>\n\n\n\n<p>5. Dzi\u015b po Mszach \u015bwi\u0119tych zbierane s\u0105 ofiary do puszki na prowadzane przez Oratorium zaj\u0119cia w czasie ferii zimowych. W zaj\u0119ciach uczestniczy\u0107 b\u0119dzie ponad 60 os\u00f3b z plac\u00f3wek wsparcia dziennego. Za dar serca serdecznie dzi\u0119kujemy.<\/p>\n","protected":false},"excerpt":{"rendered":"<p>1. Dzi\u015b rozpoczynamy nowenn\u0119 do Maryi Wspomo\u017cycielki o godz. 17.40. 2. W czwartek po Mszy \u015bw. wieczornej adoracja Naj\u015bwi\u0119tszego Sakramentu. 3. W sobot\u0119 o godz. 10.00 b\u0119dzie spotkanie op\u0142atkowe Salezjan\u00f3w Wsp\u00f3\u0142pracownik\u00f3w z ca\u0142ej warszawskiej prowincji. 4. Stowarzyszenie Oratorium im. \u015bw. Dominika Savio w \u0141odzi serdecznie zaprasza wszystkich cz\u0142onk\u00f3w na spotkanie [&hellip;]<\/p>\n","protected":false},"author":2,"featured_media":619,"comment_status":"open","ping_status":"open","sticky":false,"template":"","format":"standard","meta":{"footnotes":""},"categories":[2],"tags":[],"class_list":["post-699","post","type-post","status-publish","format-standard","has-post-thumbnail","hentry","category-aktualnosci"],"_links":{"self":[{"href":"https:\/\/wspomozycielka-lodz.pl\/index.php?rest_route=\/wp\/v2\/posts\/699","targetHints":{"allow":["GET"]}}],"collection":[{"href":"https:\/\/wspomozycielka-lodz.pl\/index.php?rest_route=\/wp\/v2\/posts"}],"about":[{"href":"https:\/\/wspomozycielka-lodz.pl\/index.php?rest_route=\/wp\/v2\/types\/post"}],"author":[{"embeddable":true,"href":"https:\/\/wspomozycielka-lodz.pl\/index.php?rest_route=\/wp\/v2\/users\/2"}],"replies":[{"embeddable":true,"href":"https:\/\/wspomozycielka-lodz.pl\/index.php?rest_route=%2Fwp%2Fv2%2Fcomments&post=699"}],"version-history":[{"count":1,"href":"https:\/\/wspomozycielka-lodz.pl\/index.php?rest_route=\/wp\/v2\/posts\/699\/revisions"}],"predecessor-version":[{"id":700,"href":"https:\/\/wspomozycielka-lodz.pl\/index.php?rest_route=\/wp\/v2\/posts\/699\/revisions\/700"}],"wp:featuredmedia":[{"embeddable":true,"href":"https:\/\/wspomozycielka-lodz.pl\/index.php?rest_route=\/wp\/v2\/media\/619"}],"wp:attachment":[{"href":"https:\/\/wspomozycielka-lodz.pl\/index.php?rest_route=%2Fwp%2Fv2%2Fmedia&parent=699"}],"wp:term":[{"taxonomy":"category","embeddable":true,"href":"https:\/\/wspomozycielka-lodz.pl\/index.php?rest_route=%2Fwp%2Fv2%2Fcategories&post=699"},{"taxonomy":"post_tag","embeddable":true,"href":"https:\/\/wspomozycielka-lodz.pl\/index.php?rest_route=%2Fwp%2Fv2%2Ftags&post=699"}],"curies":[{"name":"wp","href":"https:\/\/api.w.org\/{rel}","templated":true}]}}