{"id":696,"date":"2023-01-08T22:01:55","date_gmt":"2023-01-08T21:01:55","guid":{"rendered":"https:\/\/wspomozycielka-lodz.pl\/?p=696"},"modified":"2023-01-08T22:01:56","modified_gmt":"2023-01-08T21:01:56","slug":"ogloszenia-parafialne-8-01-2023","status":"publish","type":"post","link":"https:\/\/wspomozycielka-lodz.pl\/?p=696","title":{"rendered":"OG\u0141OSZENIA PARAFIALNE (8.01.2023)"},"content":{"rendered":"\n<p>1. Termin wizyty duszpasterskiej jest dost\u0119pny w gablocie parafialnej i na stronie internetowej.<\/p>\n\n\n\n<p>2. W czwartek po Mszy \u015bw. wieczornej adoracja Naj\u015bwi\u0119tszego Sakramentu.<\/p>\n\n\n\n<p>3. W sobot\u0119 o godz. 15.00 b\u0119dzie spotkanie op\u0142atkowe wsp\u00f3lnot \u017bywego R\u00f3\u017ca\u0144ca i Wieczernika modlitwy za kap\u0142an\u00f3w.<\/p>\n\n\n\n<p>4. W przysz\u0142\u0105 niedziel\u0119 rozpoczniemy nowenn\u0119 do Maryi Wspomo\u017cycielki o godz. 17.40. <\/p>\n\n\n\n<p>5. W przysz\u0142\u0105 niedziel\u0119 po Mszy \u015bw. o 11.30 zapraszamy na kol\u0119dowanie przy szopce z naszym Oratorium.<\/p>\n","protected":false},"excerpt":{"rendered":"<p>1. Termin wizyty duszpasterskiej jest dost\u0119pny w gablocie parafialnej i na stronie internetowej. 2. W czwartek po Mszy \u015bw. wieczornej adoracja Naj\u015bwi\u0119tszego Sakramentu. 3. W sobot\u0119 o godz. 15.00 b\u0119dzie spotkanie op\u0142atkowe wsp\u00f3lnot \u017bywego R\u00f3\u017ca\u0144ca i Wieczernika modlitwy za kap\u0142an\u00f3w. 4. W przysz\u0142\u0105 niedziel\u0119 rozpoczniemy nowenn\u0119 do Maryi Wspomo\u017cycielki o [&hellip;]<\/p>\n","protected":false},"author":2,"featured_media":619,"comment_status":"open","ping_status":"open","sticky":false,"template":"","format":"standard","meta":{"footnotes":""},"categories":[2],"tags":[],"class_list":["post-696","post","type-post","status-publish","format-standard","has-post-thumbnail","hentry","category-aktualnosci"],"_links":{"self":[{"href":"https:\/\/wspomozycielka-lodz.pl\/index.php?rest_route=\/wp\/v2\/posts\/696","targetHints":{"allow":["GET"]}}],"collection":[{"href":"https:\/\/wspomozycielka-lodz.pl\/index.php?rest_route=\/wp\/v2\/posts"}],"about":[{"href":"https:\/\/wspomozycielka-lodz.pl\/index.php?rest_route=\/wp\/v2\/types\/post"}],"author":[{"embeddable":true,"href":"https:\/\/wspomozycielka-lodz.pl\/index.php?rest_route=\/wp\/v2\/users\/2"}],"replies":[{"embeddable":true,"href":"https:\/\/wspomozycielka-lodz.pl\/index.php?rest_route=%2Fwp%2Fv2%2Fcomments&post=696"}],"version-history":[{"count":1,"href":"https:\/\/wspomozycielka-lodz.pl\/index.php?rest_route=\/wp\/v2\/posts\/696\/revisions"}],"predecessor-version":[{"id":697,"href":"https:\/\/wspomozycielka-lodz.pl\/index.php?rest_route=\/wp\/v2\/posts\/696\/revisions\/697"}],"wp:featuredmedia":[{"embeddable":true,"href":"https:\/\/wspomozycielka-lodz.pl\/index.php?rest_route=\/wp\/v2\/media\/619"}],"wp:attachment":[{"href":"https:\/\/wspomozycielka-lodz.pl\/index.php?rest_route=%2Fwp%2Fv2%2Fmedia&parent=696"}],"wp:term":[{"taxonomy":"category","embeddable":true,"href":"https:\/\/wspomozycielka-lodz.pl\/index.php?rest_route=%2Fwp%2Fv2%2Fcategories&post=696"},{"taxonomy":"post_tag","embeddable":true,"href":"https:\/\/wspomozycielka-lodz.pl\/index.php?rest_route=%2Fwp%2Fv2%2Ftags&post=696"}],"curies":[{"name":"wp","href":"https:\/\/api.w.org\/{rel}","templated":true}]}}