{"id":692,"date":"2022-12-31T15:35:40","date_gmt":"2022-12-31T14:35:40","guid":{"rendered":"https:\/\/wspomozycielka-lodz.pl\/?p=692"},"modified":"2022-12-31T15:35:41","modified_gmt":"2022-12-31T14:35:41","slug":"ogloszenia-parafialne-01-01-2023","status":"publish","type":"post","link":"https:\/\/wspomozycielka-lodz.pl\/?p=692","title":{"rendered":"OG\u0141OSZENIA PARAFIALNE (01.01.2023)"},"content":{"rendered":"\n<p>1. Wszystkim Parafianom, Sympatykom, Dobrodziejom sk\u0142adamy serdeczne \u017cyczenia Bo\u017cego b\u0142ogos\u0142awie\u0144stwa w nowym roku 2023 przez wstawiennictwo Maryi Wspomo\u017cycielki!<\/p>\n\n\n\n<p>2. We wtorek na Mszy wieczornej b\u0119dziemy si\u0119 modli\u0107 za zmar\u0142ych polecanych w wypominkach. Po Mszy wieczornej spotkanie z rozwa\u017caniem S\u0142owa Bo\u017cego.<\/p>\n\n\n\n<p>3. W \u015brod\u0119 na Mszy wieczornej b\u0119dziemy si\u0119 modli\u0107 za wszystkich Dobrodziej\u00f3w naszej parafii i ca\u0142ego dzie\u0142a salezja\u0144skiego na Wodnej. Po Mszy wieczornej spotkanie wsp\u00f3lnoty Wieczernika modlitwy za kap\u0142an\u00f3w.<\/p>\n\n\n\n<p>4. W czwartek na Mszy wieczornej b\u0119dziemy si\u0119 modli\u0107 za kap\u0142an\u00f3w pos\u0142uguj\u0105cych w naszej parafii i o nowe powo\u0142ania. Wyj\u0105tkowo w najbli\u017cszy czwartek adoracja Naj\u015bwi\u0119tszego Sakramentu b\u0119dzie przed Msz\u0105 \u015bw., czyli o godz. 17.00.<\/p>\n\n\n\n<p>5. W pi\u0105tek obchodzimy uroczysto\u015b\u0107 Objawienia Pa\u0144skiego, zwan\u0105 \u015bwi\u0119tem Trzech Kr\u00f3li. Na ka\u017cdej Mszy b\u0119dzie po\u015bwi\u0119cenie kredy, kt\u00f3r\u0105 mo\u017cemy zabra\u0107, aby oznaczy\u0107 drzwi naszych dom\u00f3w na \u015bwiadectwo naszej przynale\u017cno\u015bci do Chrystusa i Ko\u015bcio\u0142a. W tym dniu mamy obowi\u0105zek uczestniczenia w Eucharystii. Msze \u015bw. jak w niedziel\u0119. Z racji pierwszego pi\u0105tku o godz. 15.00 Godzina Mi\u0142osierdzia i adoracja Naj\u015bwi\u0119tszego Sakramentu.<\/p>\n\n\n\n<p>6. W sobot\u0119 po Mszy porannej nabo\u017ce\u0144stwo i wymiana tajemnic r\u00f3\u017ca\u0144cowych, a po Mszy wieczornej o godz. 19.00 r\u00f3\u017caniec prowadzony przez wsp\u00f3lnot\u0119 \u017bywego R\u00f3\u017ca\u0144ca. Na Mszy porannej b\u0119dziemy si\u0119 modli\u0107 w intencji ks. Lucjana D\u0105browskiego z okazji jego imienin. <\/p>\n\n\n\n<p>7. W przysz\u0142\u0105 niedziel\u0119 b\u0119dzie spotkanie Salezjan\u00f3w Wsp\u00f3\u0142pracownik\u00f3w po Mszy o godz. 11.30.<\/p>\n","protected":false},"excerpt":{"rendered":"<p>1. Wszystkim Parafianom, Sympatykom, Dobrodziejom sk\u0142adamy serdeczne \u017cyczenia Bo\u017cego b\u0142ogos\u0142awie\u0144stwa w nowym roku 2023 przez wstawiennictwo Maryi Wspomo\u017cycielki! 2. We wtorek na Mszy wieczornej b\u0119dziemy si\u0119 modli\u0107 za zmar\u0142ych polecanych w wypominkach. Po Mszy wieczornej spotkanie z rozwa\u017caniem S\u0142owa Bo\u017cego. 3. W \u015brod\u0119 na Mszy wieczornej b\u0119dziemy si\u0119 modli\u0107 za [&hellip;]<\/p>\n","protected":false},"author":2,"featured_media":619,"comment_status":"open","ping_status":"open","sticky":false,"template":"","format":"standard","meta":{"footnotes":""},"categories":[2],"tags":[],"class_list":["post-692","post","type-post","status-publish","format-standard","has-post-thumbnail","hentry","category-aktualnosci"],"_links":{"self":[{"href":"https:\/\/wspomozycielka-lodz.pl\/index.php?rest_route=\/wp\/v2\/posts\/692","targetHints":{"allow":["GET"]}}],"collection":[{"href":"https:\/\/wspomozycielka-lodz.pl\/index.php?rest_route=\/wp\/v2\/posts"}],"about":[{"href":"https:\/\/wspomozycielka-lodz.pl\/index.php?rest_route=\/wp\/v2\/types\/post"}],"author":[{"embeddable":true,"href":"https:\/\/wspomozycielka-lodz.pl\/index.php?rest_route=\/wp\/v2\/users\/2"}],"replies":[{"embeddable":true,"href":"https:\/\/wspomozycielka-lodz.pl\/index.php?rest_route=%2Fwp%2Fv2%2Fcomments&post=692"}],"version-history":[{"count":1,"href":"https:\/\/wspomozycielka-lodz.pl\/index.php?rest_route=\/wp\/v2\/posts\/692\/revisions"}],"predecessor-version":[{"id":693,"href":"https:\/\/wspomozycielka-lodz.pl\/index.php?rest_route=\/wp\/v2\/posts\/692\/revisions\/693"}],"wp:featuredmedia":[{"embeddable":true,"href":"https:\/\/wspomozycielka-lodz.pl\/index.php?rest_route=\/wp\/v2\/media\/619"}],"wp:attachment":[{"href":"https:\/\/wspomozycielka-lodz.pl\/index.php?rest_route=%2Fwp%2Fv2%2Fmedia&parent=692"}],"wp:term":[{"taxonomy":"category","embeddable":true,"href":"https:\/\/wspomozycielka-lodz.pl\/index.php?rest_route=%2Fwp%2Fv2%2Fcategories&post=692"},{"taxonomy":"post_tag","embeddable":true,"href":"https:\/\/wspomozycielka-lodz.pl\/index.php?rest_route=%2Fwp%2Fv2%2Ftags&post=692"}],"curies":[{"name":"wp","href":"https:\/\/api.w.org\/{rel}","templated":true}]}}