{"id":689,"date":"2022-12-29T22:27:05","date_gmt":"2022-12-29T21:27:05","guid":{"rendered":"https:\/\/wspomozycielka-lodz.pl\/?p=689"},"modified":"2022-12-29T22:27:56","modified_gmt":"2022-12-29T21:27:56","slug":"ogloszenia-parafialne","status":"publish","type":"post","link":"https:\/\/wspomozycielka-lodz.pl\/?p=689","title":{"rendered":"OG\u0141OSZENIA PARAFIALNE (25.12.2022)"},"content":{"rendered":"\n<p>1. Wszystkim Parafianom, Sympatykom, Dobrodziejom sk\u0142adamy serdeczne \u017cyczenia b\u0142ogos\u0142awionych \u015bwi\u0105t Bo\u017cego Narodzenia. Niech Chrystus Pan, narodzony z Maryi, obdarza ka\u017cdego obfitymi \u0142askami!<\/p>\n\n\n\n<p>2. Jutro drugi dzie\u0144 \u015bwi\u0105t Bo\u017cego Narodzenia \u2013 Msze \u015bw. jak w niedziel\u0119.<\/p>\n\n\n\n<p>3. W czwartek po Mszy \u015bw. wieczornej adoracja Naj\u015bwi\u0119tszego Sakramentu.<\/p>\n\n\n\n<p>4. W sobot\u0119 nabo\u017ce\u0144stwo dzi\u0119kczynno-b\u0142agalne na zako\u0144czenie roku 2022 o godzinie 17.30.<\/p>\n\n\n\n<p>5. W przysz\u0142\u0105 niedziel\u0119, 1 stycznia, obchodzimy uroczysto\u015b\u0107 Bo\u017cej Rodzicielki Maryi, kt\u00f3ra ko\u0144czy oktaw\u0119 Narodzenia Pa\u0144skiego.<\/p>\n\n\n\n<p>6. Wszystkich, kt\u00f3rzy chcieliby prze\u017cy\u0107 wizyt\u0119 duszpastersk\u0105 i przyj\u0105\u0107 kap\u0142an\u00f3w z modlitw\u0105 oraz b\u0142ogos\u0142awie\u0144stwem domu i jego mieszka\u0144c\u00f3w, prosimy o wype\u0142nienie zg\u0142oszenia, kt\u00f3re mo\u017cna znale\u017a\u0107 na stoliku przy wyj\u015bciu z ko\u015bcio\u0142a, a nast\u0119pnie o przyniesienie go do kancelarii lub zakrystii. Mo\u017cna te\u017c zg\u0142osi\u0107 w formie elektronicznej na adres parafii: mbww.wodna@onet.pl. Zg\u0142oszenia przyjmujemy do niedzieli 1.01.2023 r. Prosimy te\u017c, aby zatroszczy\u0107 si\u0119 o tych s\u0105siad\u00f3w, kt\u00f3rzy sami nie dadz\u0105 rady zg\u0142osi\u0107 ch\u0119ci kol\u0119dy. Plan wizyty duszpasterskiej dla tych, kt\u00f3rzy zg\u0142osz\u0105 tak\u0105 ch\u0119\u0107, zostanie podany 6 stycznia w ko\u015bciele i na stronie internetowej. Je\u015bli kto\u015b mia\u0142by potrzeb\u0119 szczeg\u00f3lnego dnia lub godziny, prosz\u0119 dopisa\u0107 na zg\u0142oszeniu.<\/p>\n\n\n\n<p>7. Serdecznie dzi\u0119kuj\u0119 wszystkim, kt\u00f3rzy anga\u017cowali si\u0119 w poniedzia\u0142kowe roraty. Dzi\u0119kuj\u0119 Salezjanom Wsp\u00f3\u0142pracownikom za pomoc w spotkaniu wigilijnym dla os\u00f3b samotnych. Dzi\u0119kuj\u0119 wszystkim, kt\u00f3rzy byli zaanga\u017cowani w przygotowanie ko\u015bcio\u0142a na \u015bwi\u0119ta. <\/p>\n\n\n\n<p>7. Z naszej wsp\u00f3lnoty parafialnej do wieczno\u015bci odesz\u0142a: Irena Szl\u0119k, lat 75. <em>Wieczny odpoczynek racz jej da\u0107, Panie<\/em>\u2026<\/p>\n","protected":false},"excerpt":{"rendered":"<p>1. Wszystkim Parafianom, Sympatykom, Dobrodziejom sk\u0142adamy serdeczne \u017cyczenia b\u0142ogos\u0142awionych \u015bwi\u0105t Bo\u017cego Narodzenia. Niech Chrystus Pan, narodzony z Maryi, obdarza ka\u017cdego obfitymi \u0142askami! 2. Jutro drugi dzie\u0144 \u015bwi\u0105t Bo\u017cego Narodzenia \u2013 Msze \u015bw. jak w niedziel\u0119. 3. W czwartek po Mszy \u015bw. wieczornej adoracja Naj\u015bwi\u0119tszego Sakramentu. 4. W sobot\u0119 nabo\u017ce\u0144stwo dzi\u0119kczynno-b\u0142agalne [&hellip;]<\/p>\n","protected":false},"author":2,"featured_media":619,"comment_status":"open","ping_status":"open","sticky":false,"template":"","format":"standard","meta":{"footnotes":""},"categories":[2],"tags":[],"class_list":["post-689","post","type-post","status-publish","format-standard","has-post-thumbnail","hentry","category-aktualnosci"],"_links":{"self":[{"href":"https:\/\/wspomozycielka-lodz.pl\/index.php?rest_route=\/wp\/v2\/posts\/689","targetHints":{"allow":["GET"]}}],"collection":[{"href":"https:\/\/wspomozycielka-lodz.pl\/index.php?rest_route=\/wp\/v2\/posts"}],"about":[{"href":"https:\/\/wspomozycielka-lodz.pl\/index.php?rest_route=\/wp\/v2\/types\/post"}],"author":[{"embeddable":true,"href":"https:\/\/wspomozycielka-lodz.pl\/index.php?rest_route=\/wp\/v2\/users\/2"}],"replies":[{"embeddable":true,"href":"https:\/\/wspomozycielka-lodz.pl\/index.php?rest_route=%2Fwp%2Fv2%2Fcomments&post=689"}],"version-history":[{"count":2,"href":"https:\/\/wspomozycielka-lodz.pl\/index.php?rest_route=\/wp\/v2\/posts\/689\/revisions"}],"predecessor-version":[{"id":691,"href":"https:\/\/wspomozycielka-lodz.pl\/index.php?rest_route=\/wp\/v2\/posts\/689\/revisions\/691"}],"wp:featuredmedia":[{"embeddable":true,"href":"https:\/\/wspomozycielka-lodz.pl\/index.php?rest_route=\/wp\/v2\/media\/619"}],"wp:attachment":[{"href":"https:\/\/wspomozycielka-lodz.pl\/index.php?rest_route=%2Fwp%2Fv2%2Fmedia&parent=689"}],"wp:term":[{"taxonomy":"category","embeddable":true,"href":"https:\/\/wspomozycielka-lodz.pl\/index.php?rest_route=%2Fwp%2Fv2%2Fcategories&post=689"},{"taxonomy":"post_tag","embeddable":true,"href":"https:\/\/wspomozycielka-lodz.pl\/index.php?rest_route=%2Fwp%2Fv2%2Ftags&post=689"}],"curies":[{"name":"wp","href":"https:\/\/api.w.org\/{rel}","templated":true}]}}