{"id":687,"date":"2022-12-20T11:54:27","date_gmt":"2022-12-20T10:54:27","guid":{"rendered":"https:\/\/wspomozycielka-lodz.pl\/?p=687"},"modified":"2022-12-20T11:54:28","modified_gmt":"2022-12-20T10:54:28","slug":"ogloszenia-parafialne-18-12-20220","status":"publish","type":"post","link":"https:\/\/wspomozycielka-lodz.pl\/?p=687","title":{"rendered":"OG\u0141OSZENIA PARAFIALNE (18.12.20220"},"content":{"rendered":"\n<p>1. Rozpocz\u0119li\u015bmy dzi\u015b parafialne rekolekcje adwentowe, kt\u00f3re g\u0142osi ks. Adrian Arkita, salezjanin, pracuj\u0105cy w bursie dla m\u0142odzie\u017cy w Warszawie. Rekolekcje potrwaj\u0105 do wtorku, a nauki b\u0119d\u0105 g\u0142oszone podczas Mszy \u015bw. wed\u0142ug sta\u0142ego rozk\u0142adu. Ofiary zbierane podczas rekolekcji b\u0119d\u0105 przeznaczone dla Ksi\u0119dza Rekolekcjonisty na dzia\u0142alno\u015b\u0107 wychowawcz\u0105 w salezja\u0144skiej bursie.<\/p>\n\n\n\n<p>2. Msze roratnie w parafii codziennie o godz. 7.30, a dla dzieci i m\u0142odzie\u017cy ostatni raz&nbsp; w najbli\u017cszy poniedzia\u0142ek o godz. 6.30.<\/p>\n\n\n\n<p>3. Trwamy w nowennie do Maryi Wspomo\u017cycielki i Bo\u017cego Narodzenia codziennie o godz. 17.30. Wyj\u0105tkowo w czwartek nowenny b\u0119d\u0105 po Mszy wieczornej na pocz\u0105tku adoracji, a w sobot\u0119 po Mszy porannej.<\/p>\n\n\n\n<p>4. W poniedzia\u0142ek na Mszy roratniej o godz. 6.30 b\u0119dziemy si\u0119 modli\u0107 w intencji ks. Dariusza Husaka w dniu jego imienin.<\/p>\n\n\n\n<p>5. We wtorek po Mszy wieczornej spotkanie z rozwa\u017caniem S\u0142owa Bo\u017cego.<\/p>\n\n\n\n<p>6. W sobot\u0119 jest Wigilia Bo\u017cego Narodzenia. W tym dniu nie b\u0119dzie wieczorem Mszy. Natomiast ho\u0142d ku czci Maryi Wspomo\u017cycielki oraz ostatni dzie\u0144 nowenny do Bo\u017cego Narodzenia b\u0119dzie rano.<\/p>\n\n\n\n<p>7. O p\u00f3\u0142nocy z soboty na niedziel\u0119 zapraszamy na tradycyjn\u0105 uroczyst\u0105 Msz\u0119 \u015bw., tzw. Pasterk\u0119, rozpoczynaj\u0105c\u0105 \u015bwi\u0119towanie tajemnicy Bo\u017cego Narodzenia.<\/p>\n\n\n\n<p>8. Przypominamy, \u017ce wizyta duszpasterska w domach b\u0119dzie na indywidualne zaproszenie parafian. Wszystkich, kt\u00f3rzy chcieliby prze\u017cy\u0107 wizyt\u0119 duszpastersk\u0105 i przyj\u0105\u0107 kap\u0142an\u00f3w z modlitw\u0105 oraz b\u0142ogos\u0142awie\u0144stwem domu i jego mieszka\u0144c\u00f3w, prosimy o wype\u0142nienie zg\u0142oszenia, kt\u00f3re mo\u017cna znale\u017a\u0107 na stoliku przy wyj\u015bciu z ko\u015bcio\u0142a, a nast\u0119pnie o przyniesienie go do kancelarii lub zakrystii. Mo\u017cna te\u017c zg\u0142osi\u0107 w formie elektronicznej na adres parafii: mbww.wodna@onet.pl. Zg\u0142oszenia przyjmujemy do niedzieli 1.01.2023 r. Prosimy te\u017c, aby zatroszczy\u0107 si\u0119 o tych s\u0105siad\u00f3w, kt\u00f3rzy sami nie dadz\u0105 rady zg\u0142osi\u0107 ch\u0119ci kol\u0119dy. Plan wizyty duszpasterskiej dla tych, kt\u00f3rzy zg\u0142osz\u0105 tak\u0105 ch\u0119\u0107, zostanie podany 6 stycznia w ko\u015bciele i na stronie internetowej. Je\u015bli kto\u015b mia\u0142by potrzeb\u0119 szczeg\u00f3lnego dnia lub godziny, prosz\u0119 dopisa\u0107 na zg\u0142oszeniu.<\/p>\n\n\n\n<p>9. W sklepiku parafialnym s\u0105 dost\u0119pne op\u0142atki i \u015bwiece bo\u017conarodzeniowe. R\u00f3wnie\u017c przed wej\u015bciem do ko\u015bcio\u0142a mo\u017cna naby\u0107 op\u0142atki u Salezjan\u00f3w Wsp\u00f3\u0142pracownik\u00f3w.<\/p>\n\n\n\n<p>10. Oratorium zaprasza na \u201eKiermasz Adwentowy\u201d. Na stoliku przy kancelarii parafialnej za dobrowoln\u0105 ofiar\u0119 mo\u017cna naby\u0107 robione przez dzieci i m\u0142odzie\u017c pierniki oraz kartki \u015bwi\u0105teczne, a tak\u017ce sianko na st\u00f3\u0142 wigilijny. Serdeczne B\u00f3g zap\u0142a\u0107 wszystkim, kt\u00f3rzy w ten spos\u00f3b chc\u0105 wspiera\u0107 dzieci i m\u0142odzie\u017c ze \u015bwietlicy i klubu \u015brodowiskowego. <\/p>\n\n\n\n<p>11. Informacja od Salezja\u0144skiej Szko\u0142y Podstawowej: Zacz\u0119li\u015bmy rekrutacj\u0119 do naszej salezja\u0144skiej podstaw\u00f3wki. Je\u015bli kto\u015b z Pa\u0144stwa szuka szko\u0142y dla swojego siedmiolatka, zapraszamy po dokumenty do sekretariatu, czynnego od poniedzia\u0142ku do pi\u0105tku mi\u0119dzy 8.00 a 16.00. Zapraszamy te\u017c na stron\u0119 szko\u0142y, gdzie s\u0105 informacje dotycz\u0105ce dzia\u0142ania Salezja\u0144skiej Szko\u0142y Podstawowej im. Ksi\u0119dza Bosko.<\/p>\n","protected":false},"excerpt":{"rendered":"<p>1. Rozpocz\u0119li\u015bmy dzi\u015b parafialne rekolekcje adwentowe, kt\u00f3re g\u0142osi ks. Adrian Arkita, salezjanin, pracuj\u0105cy w bursie dla m\u0142odzie\u017cy w Warszawie. Rekolekcje potrwaj\u0105 do wtorku, a nauki b\u0119d\u0105 g\u0142oszone podczas Mszy \u015bw. wed\u0142ug sta\u0142ego rozk\u0142adu. Ofiary zbierane podczas rekolekcji b\u0119d\u0105 przeznaczone dla Ksi\u0119dza Rekolekcjonisty na dzia\u0142alno\u015b\u0107 wychowawcz\u0105 w salezja\u0144skiej bursie. 2. Msze [&hellip;]<\/p>\n","protected":false},"author":2,"featured_media":619,"comment_status":"open","ping_status":"open","sticky":false,"template":"","format":"standard","meta":{"footnotes":""},"categories":[2],"tags":[],"class_list":["post-687","post","type-post","status-publish","format-standard","has-post-thumbnail","hentry","category-aktualnosci"],"_links":{"self":[{"href":"https:\/\/wspomozycielka-lodz.pl\/index.php?rest_route=\/wp\/v2\/posts\/687","targetHints":{"allow":["GET"]}}],"collection":[{"href":"https:\/\/wspomozycielka-lodz.pl\/index.php?rest_route=\/wp\/v2\/posts"}],"about":[{"href":"https:\/\/wspomozycielka-lodz.pl\/index.php?rest_route=\/wp\/v2\/types\/post"}],"author":[{"embeddable":true,"href":"https:\/\/wspomozycielka-lodz.pl\/index.php?rest_route=\/wp\/v2\/users\/2"}],"replies":[{"embeddable":true,"href":"https:\/\/wspomozycielka-lodz.pl\/index.php?rest_route=%2Fwp%2Fv2%2Fcomments&post=687"}],"version-history":[{"count":1,"href":"https:\/\/wspomozycielka-lodz.pl\/index.php?rest_route=\/wp\/v2\/posts\/687\/revisions"}],"predecessor-version":[{"id":688,"href":"https:\/\/wspomozycielka-lodz.pl\/index.php?rest_route=\/wp\/v2\/posts\/687\/revisions\/688"}],"wp:featuredmedia":[{"embeddable":true,"href":"https:\/\/wspomozycielka-lodz.pl\/index.php?rest_route=\/wp\/v2\/media\/619"}],"wp:attachment":[{"href":"https:\/\/wspomozycielka-lodz.pl\/index.php?rest_route=%2Fwp%2Fv2%2Fmedia&parent=687"}],"wp:term":[{"taxonomy":"category","embeddable":true,"href":"https:\/\/wspomozycielka-lodz.pl\/index.php?rest_route=%2Fwp%2Fv2%2Fcategories&post=687"},{"taxonomy":"post_tag","embeddable":true,"href":"https:\/\/wspomozycielka-lodz.pl\/index.php?rest_route=%2Fwp%2Fv2%2Ftags&post=687"}],"curies":[{"name":"wp","href":"https:\/\/api.w.org\/{rel}","templated":true}]}}