{"id":683,"date":"2022-12-04T22:01:17","date_gmt":"2022-12-04T21:01:17","guid":{"rendered":"https:\/\/wspomozycielka-lodz.pl\/?p=683"},"modified":"2022-12-04T22:01:17","modified_gmt":"2022-12-04T21:01:17","slug":"ogloszenia-parafialne-4-12-2022","status":"publish","type":"post","link":"https:\/\/wspomozycielka-lodz.pl\/?p=683","title":{"rendered":"OG\u0141OSZENIA PARAFIALNE (4.12.2022)"},"content":{"rendered":"\n<p>1. Nowenna przed uroczysto\u015bci\u0105 Niepokalanego Pocz\u0119cia NMP o godz. 17.40.<\/p>\n\n\n\n<p>2. Msze roratnie w parafii codziennie o godz. 7.30, a dla dzieci i m\u0142odzie\u017cy w poniedzia\u0142ki o godz. 6.30.<\/p>\n\n\n\n<p>3. We wtorek na Mszy wieczornej b\u0119dziemy si\u0119 modli\u0107 za zmar\u0142ych polecanych w wypominkach. Po Mszy wieczornej spotkanie z rozwa\u017caniem S\u0142owa Bo\u017cego.<\/p>\n\n\n\n<p>4. W \u015brod\u0119 na Mszy wieczornej b\u0119dziemy si\u0119 modli\u0107 za wszystkich Dobrodziej\u00f3w naszej parafii i ca\u0142ego dzie\u0142a salezja\u0144skiego na Wodnej.<\/p>\n\n\n\n<p>5. W czwartek obchodzimy uroczysto\u015b\u0107 Niepokalanego Pocz\u0119cia Naj\u015bwi\u0119tszej Maryi Panny. Opr\u00f3cz Mszy parafialnej o 7.30 i 18.00 jest mo\u017cliwo\u015b\u0107 w tym dniu uczestniczy\u0107 w Mszy szkolnej o godz. 12.00. Wieczorem o godz. 17.00 konferencja dla Salezjan\u00f3w Wsp\u00f3\u0142pracownik\u00f3w, a po Mszy wieczornej adoracja Naj\u015bwi\u0119tszego Sakramentu. Na Msz\u0119 wieczorn\u0105 zapraszamy te\u017c dzieci i m\u0142odzie\u017c, a po niej wsp\u00f3lne \u015bwi\u0119towanie w Oratorium.<\/p>\n\n\n\n<p>6. W przysz\u0142\u0105 niedziel\u0119 b\u0119dzie spotkanie Salezjan\u00f3w Wsp\u00f3\u0142pracownik\u00f3w po Mszy o godz. 11.30.<\/p>\n\n\n\n<p>7. W sklepiku parafialnym s\u0105 dost\u0119pne op\u0142atki i \u015bwiece bo\u017conarodzeniowe. R\u00f3wnie\u017c przed wej\u015bciem do ko\u015bcio\u0142a mo\u017cna naby\u0107 op\u0142atki u Salezjan\u00f3w Wsp\u00f3\u0142pracownik\u00f3w.<\/p>\n\n\n\n<p>8. Zapraszamy osoby samotne do zapisywania si\u0119 na spotkanie \u015bwi\u0105teczne. Zapisy odbywaj\u0105 si\u0119 w zakrystii po Mszach lub kancelarii w godzinach jej urz\u0119dowania. Spotkanie wigilijne b\u0119dzie 16 grudnia (pi\u0105tek) \u2013 rozpoczniemy Msz\u0105 \u015bw. o godz. 15.00, a po niej dalszy ci\u0105g w dawnej kawiarence parafialnej.<\/p>\n\n\n\n<p>9. W zakrystii zosta\u0142y wymienione okna, gdy\u017c by\u0142y bardzo nieszczelne. Przy tej okazji planowane jest te\u017c pomalowanie zakrystii. <\/p>\n\n\n\n<p>10. Z naszej wsp\u00f3lnoty parafialnej do wieczno\u015bci odszed\u0142: Alojzy G\u00f3rny, lat 91. <em>Wieczny odpoczynek racz mu da\u0107, Panie<\/em>\u2026<\/p>\n","protected":false},"excerpt":{"rendered":"<p>1. Nowenna przed uroczysto\u015bci\u0105 Niepokalanego Pocz\u0119cia NMP o godz. 17.40. 2. Msze roratnie w parafii codziennie o godz. 7.30, a dla dzieci i m\u0142odzie\u017cy w poniedzia\u0142ki o godz. 6.30. 3. We wtorek na Mszy wieczornej b\u0119dziemy si\u0119 modli\u0107 za zmar\u0142ych polecanych w wypominkach. Po Mszy wieczornej spotkanie z rozwa\u017caniem S\u0142owa [&hellip;]<\/p>\n","protected":false},"author":2,"featured_media":619,"comment_status":"open","ping_status":"open","sticky":false,"template":"","format":"standard","meta":{"footnotes":""},"categories":[2],"tags":[],"class_list":["post-683","post","type-post","status-publish","format-standard","has-post-thumbnail","hentry","category-aktualnosci"],"_links":{"self":[{"href":"https:\/\/wspomozycielka-lodz.pl\/index.php?rest_route=\/wp\/v2\/posts\/683","targetHints":{"allow":["GET"]}}],"collection":[{"href":"https:\/\/wspomozycielka-lodz.pl\/index.php?rest_route=\/wp\/v2\/posts"}],"about":[{"href":"https:\/\/wspomozycielka-lodz.pl\/index.php?rest_route=\/wp\/v2\/types\/post"}],"author":[{"embeddable":true,"href":"https:\/\/wspomozycielka-lodz.pl\/index.php?rest_route=\/wp\/v2\/users\/2"}],"replies":[{"embeddable":true,"href":"https:\/\/wspomozycielka-lodz.pl\/index.php?rest_route=%2Fwp%2Fv2%2Fcomments&post=683"}],"version-history":[{"count":1,"href":"https:\/\/wspomozycielka-lodz.pl\/index.php?rest_route=\/wp\/v2\/posts\/683\/revisions"}],"predecessor-version":[{"id":684,"href":"https:\/\/wspomozycielka-lodz.pl\/index.php?rest_route=\/wp\/v2\/posts\/683\/revisions\/684"}],"wp:featuredmedia":[{"embeddable":true,"href":"https:\/\/wspomozycielka-lodz.pl\/index.php?rest_route=\/wp\/v2\/media\/619"}],"wp:attachment":[{"href":"https:\/\/wspomozycielka-lodz.pl\/index.php?rest_route=%2Fwp%2Fv2%2Fmedia&parent=683"}],"wp:term":[{"taxonomy":"category","embeddable":true,"href":"https:\/\/wspomozycielka-lodz.pl\/index.php?rest_route=%2Fwp%2Fv2%2Fcategories&post=683"},{"taxonomy":"post_tag","embeddable":true,"href":"https:\/\/wspomozycielka-lodz.pl\/index.php?rest_route=%2Fwp%2Fv2%2Ftags&post=683"}],"curies":[{"name":"wp","href":"https:\/\/api.w.org\/{rel}","templated":true}]}}