{"id":681,"date":"2022-11-27T00:26:16","date_gmt":"2022-11-26T23:26:16","guid":{"rendered":"https:\/\/wspomozycielka-lodz.pl\/?p=681"},"modified":"2022-11-27T00:26:16","modified_gmt":"2022-11-26T23:26:16","slug":"ogloszenia-parafialne-27-11-2022","status":"publish","type":"post","link":"https:\/\/wspomozycielka-lodz.pl\/?p=681","title":{"rendered":"OG\u0141OSZENIA PARAFIALNE (27.11.2022)"},"content":{"rendered":"\n<p>1. Modlitwa r\u00f3\u017ca\u0144cowa za naszych zmar\u0142ych polecanych w wypominkach dzi\u015b i jutro o godz. 17.30, a we wtorek i \u015brod\u0119 o 17.15.<\/p>\n\n\n\n<p>2. Msze roratnie w parafii codziennie o godz. 7.30, a dla dzieci i m\u0142odzie\u017cy w poniedzia\u0142ki o godz. 6.30.<\/p>\n\n\n\n<p>3. We wtorek rozpoczniemy nowenn\u0119 przed uroczysto\u015bci\u0105 Niepokalanego Pocz\u0119cia NMP: w najbli\u017cszy wtorek i \u015brod\u0119 o godz. 17.15, a od czwartku o 17.40.<\/p>\n\n\n\n<p>4. We wtorek po Mszy wieczornej spotkanie z rozwa\u017caniem S\u0142owa Bo\u017cego.<\/p>\n\n\n\n<p>5. W \u015brod\u0119 na Mszy wieczornej b\u0119dziemy si\u0119 modli\u0107 w intencji ks. Andrzeja Kurto z okazji imienin. Po Mszy \u015bw. b\u0119dzie spotkanie wsp\u00f3lnoty Wieczernika modlitwy za kap\u0142an\u00f3w.<\/p>\n\n\n\n<p>6. W czwartek na Mszy wieczornej b\u0119dziemy si\u0119 modli\u0107 za kap\u0142an\u00f3w pos\u0142uguj\u0105cych w naszej parafii i o nowe powo\u0142ania. Po Mszy \u015bw. adoracja Naj\u015bwi\u0119tszego Sakramentu.<\/p>\n\n\n\n<p>7. W pi\u0105tek od godz. 15.00 Godzina Mi\u0142osierdzia i adoracja Naj\u015bwi\u0119tszego Sakramentu. Po Mszy wieczornej spotkanie wsp\u00f3lnoty Stra\u017cy Honorowej NSPJ, kt\u00f3ra w tym roku obchodzi 20 rocznic\u0119 powstania w naszej parafii. Z tej racji Stra\u017c Honorowa na najbli\u017csze spotkanie zaprasza wszystkie grupy parafialne.<\/p>\n\n\n\n<p>8. W sobot\u0119 po Mszy porannej nabo\u017ce\u0144stwo i wymiana tajemnic r\u00f3\u017ca\u0144cowych, a po Mszy wieczornej o godz. 19.00 r\u00f3\u017caniec prowadzony przez wsp\u00f3lnot\u0119 \u017bywego R\u00f3\u017ca\u0144ca.<\/p>\n\n\n\n<p>9. W sklepiku parafialnym s\u0105 dost\u0119pne op\u0142atki i \u015bwiece bo\u017conarodzeniowe. R\u00f3wnie\u017c przed wej\u015bciem do ko\u015bcio\u0142a mo\u017cna naby\u0107 op\u0142atki u Salezjan\u00f3w Wsp\u00f3\u0142pracownik\u00f3w. <\/p>\n\n\n\n<p>10. Dzi\u015b mo\u017cna z\u0142o\u017cy\u0107 ofiar\u0119 do puszki na Radio Maryja.<\/p>\n","protected":false},"excerpt":{"rendered":"<p>1. Modlitwa r\u00f3\u017ca\u0144cowa za naszych zmar\u0142ych polecanych w wypominkach dzi\u015b i jutro o godz. 17.30, a we wtorek i \u015brod\u0119 o 17.15. 2. Msze roratnie w parafii codziennie o godz. 7.30, a dla dzieci i m\u0142odzie\u017cy w poniedzia\u0142ki o godz. 6.30. 3. We wtorek rozpoczniemy nowenn\u0119 przed uroczysto\u015bci\u0105 Niepokalanego Pocz\u0119cia [&hellip;]<\/p>\n","protected":false},"author":2,"featured_media":619,"comment_status":"open","ping_status":"open","sticky":false,"template":"","format":"standard","meta":{"footnotes":""},"categories":[2],"tags":[],"class_list":["post-681","post","type-post","status-publish","format-standard","has-post-thumbnail","hentry","category-aktualnosci"],"_links":{"self":[{"href":"https:\/\/wspomozycielka-lodz.pl\/index.php?rest_route=\/wp\/v2\/posts\/681","targetHints":{"allow":["GET"]}}],"collection":[{"href":"https:\/\/wspomozycielka-lodz.pl\/index.php?rest_route=\/wp\/v2\/posts"}],"about":[{"href":"https:\/\/wspomozycielka-lodz.pl\/index.php?rest_route=\/wp\/v2\/types\/post"}],"author":[{"embeddable":true,"href":"https:\/\/wspomozycielka-lodz.pl\/index.php?rest_route=\/wp\/v2\/users\/2"}],"replies":[{"embeddable":true,"href":"https:\/\/wspomozycielka-lodz.pl\/index.php?rest_route=%2Fwp%2Fv2%2Fcomments&post=681"}],"version-history":[{"count":1,"href":"https:\/\/wspomozycielka-lodz.pl\/index.php?rest_route=\/wp\/v2\/posts\/681\/revisions"}],"predecessor-version":[{"id":682,"href":"https:\/\/wspomozycielka-lodz.pl\/index.php?rest_route=\/wp\/v2\/posts\/681\/revisions\/682"}],"wp:featuredmedia":[{"embeddable":true,"href":"https:\/\/wspomozycielka-lodz.pl\/index.php?rest_route=\/wp\/v2\/media\/619"}],"wp:attachment":[{"href":"https:\/\/wspomozycielka-lodz.pl\/index.php?rest_route=%2Fwp%2Fv2%2Fmedia&parent=681"}],"wp:term":[{"taxonomy":"category","embeddable":true,"href":"https:\/\/wspomozycielka-lodz.pl\/index.php?rest_route=%2Fwp%2Fv2%2Fcategories&post=681"},{"taxonomy":"post_tag","embeddable":true,"href":"https:\/\/wspomozycielka-lodz.pl\/index.php?rest_route=%2Fwp%2Fv2%2Ftags&post=681"}],"curies":[{"name":"wp","href":"https:\/\/api.w.org\/{rel}","templated":true}]}}